{"id":464392,"date":"2025-10-15T07:57:13","date_gmt":"2025-10-15T07:57:13","guid":{"rendered":"https:\/\/www.europesays.com\/fr\/464392\/"},"modified":"2025-10-15T07:57:13","modified_gmt":"2025-10-15T07:57:13","slug":"pionniere-des-limites-planetaires-cette-prof-stephanoise-ne-savoue-jamais-vaincue","status":"publish","type":"post","link":"https:\/\/www.europesays.com\/fr\/464392\/","title":{"rendered":"pionni\u00e8re des limites plan\u00e9taires, cette prof st\u00e9phanoise \u00ab\u00a0ne s\u2019avoue jamais vaincue\u00a0\u00bb"},"content":{"rendered":"<p>Face \u00e0 la d\u00e9sinformation galopante, l\u2019action pour informer sur les r\u00e9alit\u00e9s scientifiques des impacts du changement climatique est primordiale. Depuis le d\u00e9but des ann\u00e9es 2000, Natacha Gondran en est une infatigable repr\u00e9sentante.<\/p>\n<p>Chercheuse sp\u00e9cialis\u00e9e sur la question des limites plan\u00e9taires et enseignante \u00e0 l\u2019\u00e9cole des Mines de Saint-\u00c9tienne, elle transmet l\u2019information de diverses mani\u00e8res\u00a0: publications, m\u00e9diations, conf\u00e9rences et, bien s\u00fbr, enseignement.<\/p>\n<p>Dans le cadre de sa mission de chercheuse, Natacha Gondran encadre cinq doctorants dans son domaine de pr\u00e9dilection\u00a0: l\u2019op\u00e9rationnalisation du cadre des limites&#8230;<\/p>\n","protected":false},"excerpt":{"rendered":"Face \u00e0 la d\u00e9sinformation galopante, l\u2019action pour informer sur les r\u00e9alit\u00e9s scientifiques des impacts du changement climatique est&hellip;\n","protected":false},"author":2,"featured_media":464393,"comment_status":"","ping_status":"","sticky":false,"template":"","format":"standard","meta":{"footnotes":""},"categories":[9653],"tags":[1111,11,2430,7539,436,1777,674,107,1011,27,9588,3367,12,25,4001,4604],"class_list":{"0":"post-464392","1":"post","2":"type-post","3":"status-publish","4":"format-standard","5":"has-post-thumbnail","7":"category-saint-etienne","8":"tag-actu","9":"tag-actualites","10":"tag-auvergne-rhone-alpes","11":"tag-edition-loire-sud","12":"tag-environnement","13":"tag-eu","14":"tag-europe","15":"tag-fil-info","16":"tag-fr","17":"tag-france","18":"tag-ici-on-agit","19":"tag-loire","20":"tag-news","21":"tag-republique-francaise","22":"tag-saint-etienne","23":"tag-selection-abonne"},"share_on_mastodon":{"url":"https:\/\/pubeurope.com\/@fr\/115377120581023685","error":""},"_links":{"self":[{"href":"https:\/\/www.europesays.com\/fr\/wp-json\/wp\/v2\/posts\/464392","targetHints":{"allow":["GET"]}}],"collection":[{"href":"https:\/\/www.europesays.com\/fr\/wp-json\/wp\/v2\/posts"}],"about":[{"href":"https:\/\/www.europesays.com\/fr\/wp-json\/wp\/v2\/types\/post"}],"author":[{"embeddable":true,"href":"https:\/\/www.europesays.com\/fr\/wp-json\/wp\/v2\/users\/2"}],"replies":[{"embeddable":true,"href":"https:\/\/www.europesays.com\/fr\/wp-json\/wp\/v2\/comments?post=464392"}],"version-history":[{"count":0,"href":"https:\/\/www.europesays.com\/fr\/wp-json\/wp\/v2\/posts\/464392\/revisions"}],"wp:featuredmedia":[{"embeddable":true,"href":"https:\/\/www.europesays.com\/fr\/wp-json\/wp\/v2\/media\/464393"}],"wp:attachment":[{"href":"https:\/\/www.europesays.com\/fr\/wp-json\/wp\/v2\/media?parent=464392"}],"wp:term":[{"taxonomy":"category","embeddable":true,"href":"https:\/\/www.europesays.com\/fr\/wp-json\/wp\/v2\/categories?post=464392"},{"taxonomy":"post_tag","embeddable":true,"href":"https:\/\/www.europesays.com\/fr\/wp-json\/wp\/v2\/tags?post=464392"}],"curies":[{"name":"wp","href":"https:\/\/api.w.org\/{rel}","templated":true}]}}