{"id":464411,"date":"2025-10-15T08:07:10","date_gmt":"2025-10-15T08:07:10","guid":{"rendered":"https:\/\/www.europesays.com\/fr\/464411\/"},"modified":"2025-10-15T08:07:10","modified_gmt":"2025-10-15T08:07:10","slug":"grenoble-la-police-boucle-entierement-ce-quartier-ce-quil-se-passe","status":"publish","type":"post","link":"https:\/\/www.europesays.com\/fr\/464411\/","title":{"rendered":"Grenoble. La police boucle enti\u00e8rement ce quartier : ce qu&rsquo;il se passe"},"content":{"rendered":"<p>            Par<br \/>\n        <strong><br \/>\n            <a href=\"https:\/\/actu.fr\/auteur\/lisa-rodrigues\" title=\"Consulter tous les articles de Lisa Rodrigues\" target=\"_blank\" rel=\"noopener\">Lisa Rodrigues<\/a><br \/>\n        <\/strong><\/p>\n<p>        Publi\u00e9 le<\/p>\n<p>            15 oct. 2025 \u00e0 9h21        <\/p>\n<p>Il y a du monde sur l\u2019avenue Rhin et Danube \u00e0 <a href=\"https:\/\/actu.fr\/auvergne-rhone-alpes\/grenoble_38185\" target=\"_blank\" rel=\"noopener\">Grenoble<\/a>, dans le quartier Mistral, jeudi 15 octobre : des <strong>dizaines de v\u00e9hicules de police<\/strong> ont pris possession des lieux, fermant l\u2019acc\u00e8s \u00e0 la rue aux v\u00e9hicules.<\/p>\n<p class=\" wall-content\">Selon une information du <a href=\"https:\/\/c.ledauphine.com\/faits-divers-justice\/2025\/10\/15\/le-quartier-mistral-boucle-400-policiers-actuellement-mobilises-sur-une-vaste-operation-anti-stup-d-envergure\" target=\"_blank\" rel=\"noopener\">Dauphin\u00e9 Lib\u00e9r\u00e9<\/a>, confirm\u00e9e par la r\u00e9daction, une vaste op\u00e9ration contre le narcotrafic est en cours dans le quartier.<\/p>\n<p>    <a href=\"https:\/\/www.google.com\/maps\/embed?pb=!1m18!1m12!1m3!1d13379.503682438286!2d5.700239769446225!3d45.17304255159241!2m3!1f0!2f0!3f0!3m2!1i1024!2i768!4f13.1!3m3!1m2!1s0x478af35e56bd05c1%3A0x1039e4e40b061165!2sAv.%20Rhin%20et%20Danube%2C%2038100%20Grenoble!5e0!3m2!1sfr!2sfr!4v1760512113761!5m2!1sfr!2sfr\" title=\"Ouvrie le lien\" target=\"_blank\" rel=\"noopener\">Cliquez ici pour visualiser le contenu<\/a><\/p>\n<p>Deux immeubles visit\u00e9s<\/p>\n<p class=\" wall-content\">Toujours selon Le Dauphin\u00e9, environ <strong>400 policiers<\/strong> sont mobilis\u00e9s depuis le tout d\u00e9but de journ\u00e9e pour fouiller l\u2019ensemble des appartements de deux immeubles d\u2019habitation.<\/p>\n<p class=\" wall-content\">L\u2019op\u00e9ration est men\u00e9e sous la houlette du parquet de Grenoble, avec la pr\u00e9sence sur place de la pr\u00e9f\u00e8te de l\u2019Is\u00e8re.\u00a0<\/p>\n<p class=\" wall-content\">Personnalisez votre actualit\u00e9 en ajoutant vos villes et m\u00e9dias en favori avec <a href=\"https:\/\/moncompte.actu.fr\" title=\"D\u00e9couvez Mon Actu\" rel=\"nofollow noopener\" data-trk=\"{&quot;cta&quot;:{&quot;action&quot;:&quot;https:\\\/\\\/moncompte.actu.fr&quot;,&quot;category&quot;:&quot;mon compte&quot;,&quot;from&quot;:&quot;article footer&quot;,&quot;name&quot;:&quot;Mon actu&quot;,&quot;type&quot;:&quot;cta&quot;}}\" target=\"_blank\">Mon Actu<\/a>.<\/p>\n","protected":false},"excerpt":{"rendered":"Par Lisa Rodrigues Publi\u00e9 le 15 oct. 2025 \u00e0 9h21 Il y a du monde sur l\u2019avenue Rhin&hellip;\n","protected":false},"author":2,"featured_media":464412,"comment_status":"","ping_status":"","sticky":false,"template":"","format":"standard","meta":{"footnotes":""},"categories":[9566],"tags":[1111,11,2430,1777,674,118,1011,27,2731,2825,813,12,1072,25],"class_list":{"0":"post-464411","1":"post","2":"type-post","3":"status-publish","4":"format-standard","5":"has-post-thumbnail","7":"category-grenoble","8":"tag-actu","9":"tag-actualites","10":"tag-auvergne-rhone-alpes","11":"tag-eu","12":"tag-europe","13":"tag-faits-divers","14":"tag-fr","15":"tag-france","16":"tag-grenoble","17":"tag-insecurite","18":"tag-narcotrafiquants","19":"tag-news","20":"tag-police","21":"tag-republique-francaise"},"share_on_mastodon":{"url":"https:\/\/pubeurope.com\/@fr\/115377159856728432","error":""},"_links":{"self":[{"href":"https:\/\/www.europesays.com\/fr\/wp-json\/wp\/v2\/posts\/464411","targetHints":{"allow":["GET"]}}],"collection":[{"href":"https:\/\/www.europesays.com\/fr\/wp-json\/wp\/v2\/posts"}],"about":[{"href":"https:\/\/www.europesays.com\/fr\/wp-json\/wp\/v2\/types\/post"}],"author":[{"embeddable":true,"href":"https:\/\/www.europesays.com\/fr\/wp-json\/wp\/v2\/users\/2"}],"replies":[{"embeddable":true,"href":"https:\/\/www.europesays.com\/fr\/wp-json\/wp\/v2\/comments?post=464411"}],"version-history":[{"count":0,"href":"https:\/\/www.europesays.com\/fr\/wp-json\/wp\/v2\/posts\/464411\/revisions"}],"wp:featuredmedia":[{"embeddable":true,"href":"https:\/\/www.europesays.com\/fr\/wp-json\/wp\/v2\/media\/464412"}],"wp:attachment":[{"href":"https:\/\/www.europesays.com\/fr\/wp-json\/wp\/v2\/media?parent=464411"}],"wp:term":[{"taxonomy":"category","embeddable":true,"href":"https:\/\/www.europesays.com\/fr\/wp-json\/wp\/v2\/categories?post=464411"},{"taxonomy":"post_tag","embeddable":true,"href":"https:\/\/www.europesays.com\/fr\/wp-json\/wp\/v2\/tags?post=464411"}],"curies":[{"name":"wp","href":"https:\/\/api.w.org\/{rel}","templated":true}]}}