{"id":464421,"date":"2025-10-15T08:12:10","date_gmt":"2025-10-15T08:12:10","guid":{"rendered":"https:\/\/www.europesays.com\/fr\/464421\/"},"modified":"2025-10-15T08:12:10","modified_gmt":"2025-10-15T08:12:10","slug":"la-france-insoumise-envoie-florian-kobryn-pour-briguer-le-mandat-de-maire-a-strasbourg","status":"publish","type":"post","link":"https:\/\/www.europesays.com\/fr\/464421\/","title":{"rendered":"La France insoumise envoie Florian Kobryn pour briguer le mandat de maire \u00e0 Strasbourg"},"content":{"rendered":"<p>            Par<br \/>\n        <strong><br \/>\n            <a href=\"https:\/\/actu.fr\/auteur\/thomas-blanc\" title=\"Consulter tous les articles de Thomas Blanc\" rel=\"nofollow noopener\" target=\"_blank\">Thomas Blanc<\/a><br \/>\n        <\/strong><\/p>\n<p>        Publi\u00e9 le<\/p>\n<p>            15 oct. 2025 \u00e0 9h16        <\/p>\n<p>Au compte-goutte, les diff\u00e9rents candidats pour les <strong>\u00e9lections municipales 2026 \u00e0 Strasbourg<\/strong> se d\u00e9clarent. \u00c0 gauche, apr\u00e8s la maire sortante <a href=\"https:\/\/actu.fr\/grand-est\/strasbourg_67482\/municipales-2026-jeanne-barseghian-maire-de-strasbourg-candidate-a-sa-reelection_62866356.html\" rel=\"nofollow noopener\" target=\"_blank\">Jeanne Barseghian a dit son intention de briguer un deuxi\u00e8me mandat<\/a> et <a href=\"https:\/\/actu.fr\/grand-est\/strasbourg_67482\/municipales-2026-catherine-trautmann-ancienne-maire-de-strasbourg-officialise-sa-candidature_63282301.html\" rel=\"nofollow noopener\" target=\"_blank\">Catherine Trautmann qui a officialis\u00e9 sa candidature le vendredi 10\u00a0octobre<\/a>, c\u2019est <a href=\"https:\/\/actu.fr\/tag\/la-france-insoumise-lfi\" rel=\"nofollow noopener\" target=\"_blank\">La France insoumise (LFI)<\/a> qui a pr\u00e9sent\u00e9, mardi 14 octobre au soir, sa t\u00eate ainsi que sa deuxi\u00e8me de liste pour les \u00e9lections \u00e0 venir.<\/p>\n<p>Florian Kobryn candidat LFI pour les municipales 2026 de Strasbourg<\/p>\n<p class=\" wall-content\">Ce sont donc <strong>Florian Kobryn<\/strong> (t\u00eate de liste) et <strong>Halima Meneceur<\/strong> (deuxi\u00e8me de liste) qui m\u00e8neront la campagne pour tenter de <strong>ravir la mairie de Strasbourg<\/strong> aux <a href=\"https:\/\/actu.fr\/tag\/europe-ecologie-les-verts-eelv\" rel=\"nofollow noopener\" target=\"_blank\">\u00c9cologistes<\/a> en mars prochain.<\/p>\n<p class=\" wall-content\">Le premier est ing\u00e9nieur de formation, form\u00e9 \u00e0 l\u2019architecture et <strong>\u00e9lu d\u2019opposition depuis cinq ans<\/strong> \u00e0 la <a href=\"https:\/\/actu.fr\/tag\/collectivite-europeenne-d-alsace\" rel=\"nofollow noopener\" target=\"_blank\">Collectivit\u00e9 europ\u00e9enne d\u2019Alsace (CeA)<\/a>. Il n\u2019a rejoint LFI qu\u2019en juin\u00a02025 mais est d\u00e9j\u00e0 le repr\u00e9sentant local du mouvement pour s\u2019installer dans le fauteuil de maire.<\/p>\n<p class=\" wall-content\">Sa vision pour Strasbourg, Florian Kobryn l\u2019a cri\u00e9 haut et fort au <a href=\"https:\/\/actu.fr\/grand-est\/strasbourg_67482\/strasbourg-4-choses-a-savoir-sur-le-foyer-de-l-etudiant-catholique-qui-fete-ses-100-ans_63230346.html\" rel=\"nofollow noopener\" target=\"_blank\">Foyer des \u00e9tudiants catholiques (FEC)<\/a> devant l\u2019assembl\u00e9e des militants et les journalistes\u2009: faire de la capitale alsacienne \u00ab\u2009une ville <strong>fi\u00e8re et solidaire<\/strong>\u2009\u00bb.<\/p>\n<p>Halima Meneceur et Florian Kobryn, un vrai duo<\/p>\n<p class=\" wall-content\">Celui qui ne se retient pas de <strong>tacler la maire actuelle de Strasbourg<\/strong> en affirmant qu\u2019\u00ab\u2009il y a urgence \u00e0 engager la bifurcation \u00e9cologique du territoire\u2009\u00bb, a laiss\u00e9 une grande place lors de cette pr\u00e9sentation \u00e0 sa deuxi\u00e8me de liste, Halima Meneceur.<\/p>\n<p class=\" wall-content\">C\u2019est r\u00e9ellement en bin\u00f4me uni qu\u2019ils se sont pr\u00e9sent\u00e9s. Mme Meneceur, qui se d\u00e9crit comme \u00ab\u2009une militante de l\u2019\u00e9ducation populaire\u2009\u00bb et a <strong>fond\u00e9 le groupe LFI \u00e0 Hautepierre, <\/strong>sera la seconde face de cette pi\u00e8ce.<\/p>\n<p>LFI \u00ab\u00a0ne compte pas faire de figuration\u00a0\u00bb<\/p>\n<p class=\" wall-content\">Durant son discours, la femme de 43 ans, qui travaille dans le milieu socioculturel, a martel\u00e9, entre deux r\u00e9f\u00e9rences sociologiques, son attachement \u00e0 \u00ab<strong>\u2009la lutte contre les discriminations<\/strong>\u2009\u00bb qui \u00ab\u2009est au c\u0153ur de [s]on parcours\u2009\u00bb.<\/p>\n<p>Votre r\u00e9gion, votre actu !<\/p>\n<p>Recevez chaque jour les infos qui comptent pour vous.<\/p>\n<p>\t<a href=\"https:\/\/actu.fr\/newsletter\" class=\"ac-btn ac-btn--corner ac-btn--medium ac-btn--blue800\" rel=\"nofollow noopener\" target=\"_blank\">S&rsquo;incrire<\/a><\/p>\n<p class=\" wall-content\">En toute logique, <strong>Emmanuel Fernandes<\/strong>, d\u00e9put\u00e9 LFI de Strasbourg, s\u2019est annonc\u00e9 comme \u00ab\u2009le premier soutien\u2009\u00bb de ce bin\u00f4me auquel il accorde \u00ab<strong>\u2009toute sa confiance<\/strong>\u2009\u00bb pour repr\u00e9senter La France insoumise dans une \u00e9lection o\u00f9 elle ne \u00ab\u2009compte pas faire de figuration\u2009\u00bb.<\/p>\n<p class=\" wall-content\">Personnalisez votre actualit\u00e9 en ajoutant vos villes et m\u00e9dias en favori avec <a href=\"https:\/\/moncompte.actu.fr\" title=\"D\u00e9couvez Mon Actu\" rel=\"nofollow noopener\" data-trk=\"{&quot;cta&quot;:{&quot;action&quot;:&quot;https:\\\/\\\/moncompte.actu.fr&quot;,&quot;category&quot;:&quot;mon compte&quot;,&quot;from&quot;:&quot;article footer&quot;,&quot;name&quot;:&quot;Mon actu&quot;,&quot;type&quot;:&quot;cta&quot;}}\" target=\"_blank\">Mon Actu<\/a>.<\/p>\n","protected":false},"excerpt":{"rendered":"Par Thomas Blanc Publi\u00e9 le 15 oct. 2025 \u00e0 9h16 Au compte-goutte, les diff\u00e9rents candidats pour les \u00e9lections&hellip;\n","protected":false},"author":2,"featured_media":464422,"comment_status":"","ping_status":"","sticky":false,"template":"","format":"standard","meta":{"footnotes":""},"categories":[2820],"tags":[1111,11,4188,1777,674,1011,27,775,1023,3434,12,316,25,640],"class_list":{"0":"post-464421","1":"post","2":"type-post","3":"status-publish","4":"format-standard","5":"has-post-thumbnail","7":"category-strasbourg","8":"tag-actu","9":"tag-actualites","10":"tag-elections-municipales","11":"tag-eu","12":"tag-europe","13":"tag-fr","14":"tag-france","15":"tag-grand-est","16":"tag-la-france-insoumise-lfi","17":"tag-municipales-2026","18":"tag-news","19":"tag-politique","20":"tag-republique-francaise","21":"tag-strasbourg"},"share_on_mastodon":{"url":"https:\/\/pubeurope.com\/@fr\/115377179612485600","error":""},"_links":{"self":[{"href":"https:\/\/www.europesays.com\/fr\/wp-json\/wp\/v2\/posts\/464421","targetHints":{"allow":["GET"]}}],"collection":[{"href":"https:\/\/www.europesays.com\/fr\/wp-json\/wp\/v2\/posts"}],"about":[{"href":"https:\/\/www.europesays.com\/fr\/wp-json\/wp\/v2\/types\/post"}],"author":[{"embeddable":true,"href":"https:\/\/www.europesays.com\/fr\/wp-json\/wp\/v2\/users\/2"}],"replies":[{"embeddable":true,"href":"https:\/\/www.europesays.com\/fr\/wp-json\/wp\/v2\/comments?post=464421"}],"version-history":[{"count":0,"href":"https:\/\/www.europesays.com\/fr\/wp-json\/wp\/v2\/posts\/464421\/revisions"}],"wp:featuredmedia":[{"embeddable":true,"href":"https:\/\/www.europesays.com\/fr\/wp-json\/wp\/v2\/media\/464422"}],"wp:attachment":[{"href":"https:\/\/www.europesays.com\/fr\/wp-json\/wp\/v2\/media?parent=464421"}],"wp:term":[{"taxonomy":"category","embeddable":true,"href":"https:\/\/www.europesays.com\/fr\/wp-json\/wp\/v2\/categories?post=464421"},{"taxonomy":"post_tag","embeddable":true,"href":"https:\/\/www.europesays.com\/fr\/wp-json\/wp\/v2\/tags?post=464421"}],"curies":[{"name":"wp","href":"https:\/\/api.w.org\/{rel}","templated":true}]}}