{"id":464443,"date":"2025-10-15T08:24:17","date_gmt":"2025-10-15T08:24:17","guid":{"rendered":"https:\/\/www.europesays.com\/fr\/464443\/"},"modified":"2025-10-15T08:24:17","modified_gmt":"2025-10-15T08:24:17","slug":"et-si-les-caresses-guerissaient-les-coups-de-soleil-des-chercheurs-marseillais-planchent-sur-la-quela-recherche-marseillaise-a-la-pointe","status":"publish","type":"post","link":"https:\/\/www.europesays.com\/fr\/464443\/","title":{"rendered":"Et si les caresses gu\u00e9rissaient les coups de soleil\u00a0? Des chercheurs marseillais planchent sur la quela recherche marseillaise \u00e0 la pointe"},"content":{"rendered":"<p>Palmes acad\u00e9miques, \u00e9toile montante, grand prix scientifique\u2026 Le centre d\u2019immunologie de Marseille Luminy (CIML) et l\u2019Institut de neurobiologie de la M\u00e9diterran\u00e9e (Inmed), accompagn\u00e9s par le CNRS, l\u2019Inserm et Amu, collectionnent les troph\u00e9es. Nich\u00e9s dans les Calanques, leurs chercheurs, <a href=\"https:\/\/www.laprovence.com\/article\/sante\/3701915689977714\/un-nouvel-espoir-pour-lutter-contre-la-maladie-de-crohn-grace-a-des-chercheur-marseillais\" target=\"_blank\" rel=\"noopener\">reconnus internationalement<\/a>, publient r\u00e9guli\u00e8rement leurs d\u00e9couvertes qui trouvent un \u00e9cho dans la communaut\u00e9 scientifique.<\/p>\n<p><a href=\"https:\/\/www.laprovence.com\/article\/sante\/5770958\/la-chercheuse-marseillaise-rosa-cossart-recoit-le-prix-bettencourt-pour-ses-travaux-sur-la-memoire.html\" target=\"_blank\" rel=\"noopener\">Le jury de la Fondation Bettencourt Schueller<\/a> y a \u00e9t\u00e9 r\u00e9ceptif. Et la structure &#8211; cr\u00e9\u00e9e en\u00a01987 par la famille Bettencourt &#8211; a s\u00e9lectionn\u00e9 Sophie Ugolini dans son programme 2023 d\u2019Impulscience, un financement de 2,3\u00a0millions d\u2019euros sur cinq ans.<\/p>\n<p>L\u2019immunologiste a re\u00e7u ses repr\u00e9sentants, ce mardi, au CIML, pour inaugurer la plaque qui orne d\u00e9sormais la porte de son bureau mais, surtout, faire un point sur l\u2019avanc\u00e9e de ses recherches. Celles-ci r\u00e9sonnent singuli\u00e8rement au bord de la M\u00e9diterran\u00e9e\u00a0: les caresses peuvent-elles gu\u00e9rir un coup de soleil\u00a0?<\/p>\n<p>Si le sujet peut pr\u00eater \u00e0 sourire, il s\u2019appuie sur une \u00e9tude pouss\u00e9e du syst\u00e8me immunitaire et du syst\u00e8me nerveux sensoriel. \u00ab\u00a0Nous avons montr\u00e9 en\u00a02021 que la mol\u00e9cule appel\u00e9e Tafa4, produite par le syst\u00e8me nerveux sensoriel, avait de&#8230;<\/p>\n","protected":false},"excerpt":{"rendered":"Palmes acad\u00e9miques, \u00e9toile montante, grand prix scientifique\u2026 Le centre d\u2019immunologie de Marseille Luminy (CIML) et l\u2019Institut de neurobiologie&hellip;\n","protected":false},"author":2,"featured_media":464444,"comment_status":"","ping_status":"","sticky":false,"template":"","format":"standard","meta":{"footnotes":""},"categories":[2814],"tags":[17,1111,11,58857,854,154,1777,674,1011,27,58858,151,884,12,882,16,25,4904],"class_list":{"0":"post-464443","1":"post","2":"type-post","3":"status-publish","4":"format-standard","5":"has-post-thumbnail","7":"category-marseille","8":"tag-17","9":"tag-actu","10":"tag-actualites","11":"tag-caresses","12":"tag-coups","13":"tag-des","14":"tag-eu","15":"tag-europe","16":"tag-fr","17":"tag-france","18":"tag-guerissaient","19":"tag-les","20":"tag-marseille","21":"tag-news","22":"tag-provence-alpes-cote-dazur","23":"tag-region","24":"tag-republique-francaise","25":"tag-soleil"},"share_on_mastodon":{"url":"https:\/\/pubeurope.com\/@fr\/115377226885708706","error":""},"_links":{"self":[{"href":"https:\/\/www.europesays.com\/fr\/wp-json\/wp\/v2\/posts\/464443","targetHints":{"allow":["GET"]}}],"collection":[{"href":"https:\/\/www.europesays.com\/fr\/wp-json\/wp\/v2\/posts"}],"about":[{"href":"https:\/\/www.europesays.com\/fr\/wp-json\/wp\/v2\/types\/post"}],"author":[{"embeddable":true,"href":"https:\/\/www.europesays.com\/fr\/wp-json\/wp\/v2\/users\/2"}],"replies":[{"embeddable":true,"href":"https:\/\/www.europesays.com\/fr\/wp-json\/wp\/v2\/comments?post=464443"}],"version-history":[{"count":0,"href":"https:\/\/www.europesays.com\/fr\/wp-json\/wp\/v2\/posts\/464443\/revisions"}],"wp:featuredmedia":[{"embeddable":true,"href":"https:\/\/www.europesays.com\/fr\/wp-json\/wp\/v2\/media\/464444"}],"wp:attachment":[{"href":"https:\/\/www.europesays.com\/fr\/wp-json\/wp\/v2\/media?parent=464443"}],"wp:term":[{"taxonomy":"category","embeddable":true,"href":"https:\/\/www.europesays.com\/fr\/wp-json\/wp\/v2\/categories?post=464443"},{"taxonomy":"post_tag","embeddable":true,"href":"https:\/\/www.europesays.com\/fr\/wp-json\/wp\/v2\/tags?post=464443"}],"curies":[{"name":"wp","href":"https:\/\/api.w.org\/{rel}","templated":true}]}}