{"id":464473,"date":"2025-10-15T08:40:17","date_gmt":"2025-10-15T08:40:17","guid":{"rendered":"https:\/\/www.europesays.com\/fr\/464473\/"},"modified":"2025-10-15T08:40:17","modified_gmt":"2025-10-15T08:40:17","slug":"le-repas-d-un-saint-barnabe-parmi-les-saint-medard-a-encore-une-fois-eu-du-succes","status":"publish","type":"post","link":"https:\/\/www.europesays.com\/fr\/464473\/","title":{"rendered":"Le repas d\u2019\u00ab\u00a0Un Saint-Barnab\u00e9 parmi les Saint-M\u00e9dard\u00a0\u00bb a encore une fois eu du succ\u00e8s"},"content":{"rendered":"<p>Le repas de l\u2019association \u00ab\u00a0Un Saint-Barnab\u00e9 parmi les Saint-M\u00e9dard\u00a0\u00bb, pr\u00e9par\u00e9 par le pr\u00e9sident Daniel Poulain et ses b\u00e9n\u00e9voles, a r\u00e9uni plus d\u2019une centaine de personnes samedi 11 octobre. 120 personnes ont mang\u00e9 sur place et ont profit\u00e9 de la journ\u00e9e conviviale offerte par l\u2019association, une vingtaine ont emport\u00e9 le repas. L\u2019association organise ce repas depuis sa cr\u00e9ation, en 1999. Cette ann\u00e9e, les convives se sont r\u00e9gal\u00e9s avec en plat principal un saut\u00e9 de porc \u00e0 la proven\u00e7ale. Pour le rassemblement annuel des Saint-M\u00e9dard de France, pr\u00e9vu en juin 2026, l\u2019association se rendra \u00e0 Saint-M\u00e9dard-de-Mussidan en Dordogne, \u00ab\u00a0c\u2019est la commune du rassemblement national la plus \u00e9loign\u00e9e de chez nous\u00a0\u00bb, souligne le pr\u00e9sident.<\/p>\n<p>Le rassemblement national devrait avoir lieu \u00e0 Saint-Barnab\u00e9 en 2028. \u00c0 l\u2019occasion de ce week-end festif, l\u2019association esp\u00e8re recruter suffisamment de b\u00e9n\u00e9voles pour accueillir au mieux l\u2019ensemble des adh\u00e9rents.<\/p>\n","protected":false},"excerpt":{"rendered":"Le repas de l\u2019association \u00ab\u00a0Un Saint-Barnab\u00e9 parmi les Saint-M\u00e9dard\u00a0\u00bb, pr\u00e9par\u00e9 par le pr\u00e9sident Daniel Poulain et ses b\u00e9n\u00e9voles,&hellip;\n","protected":false},"author":2,"featured_media":464474,"comment_status":"","ping_status":"","sticky":false,"template":"","format":"standard","meta":{"footnotes":""},"categories":[1586],"tags":[11,1777,674,1779,1011,27,12,25,32285,1778,364],"class_list":{"0":"post-464473","1":"post","2":"type-post","3":"status-publish","4":"format-standard","5":"has-post-thumbnail","7":"category-europe","8":"tag-actualites","9":"tag-eu","10":"tag-europe","11":"tag-european-union","12":"tag-fr","13":"tag-france","14":"tag-news","15":"tag-republique-francaise","16":"tag-saint-barnabe","17":"tag-ue","18":"tag-union-europeenne"},"share_on_mastodon":{"url":"https:\/\/pubeurope.com\/@fr\/115377289609626753","error":""},"_links":{"self":[{"href":"https:\/\/www.europesays.com\/fr\/wp-json\/wp\/v2\/posts\/464473","targetHints":{"allow":["GET"]}}],"collection":[{"href":"https:\/\/www.europesays.com\/fr\/wp-json\/wp\/v2\/posts"}],"about":[{"href":"https:\/\/www.europesays.com\/fr\/wp-json\/wp\/v2\/types\/post"}],"author":[{"embeddable":true,"href":"https:\/\/www.europesays.com\/fr\/wp-json\/wp\/v2\/users\/2"}],"replies":[{"embeddable":true,"href":"https:\/\/www.europesays.com\/fr\/wp-json\/wp\/v2\/comments?post=464473"}],"version-history":[{"count":0,"href":"https:\/\/www.europesays.com\/fr\/wp-json\/wp\/v2\/posts\/464473\/revisions"}],"wp:featuredmedia":[{"embeddable":true,"href":"https:\/\/www.europesays.com\/fr\/wp-json\/wp\/v2\/media\/464474"}],"wp:attachment":[{"href":"https:\/\/www.europesays.com\/fr\/wp-json\/wp\/v2\/media?parent=464473"}],"wp:term":[{"taxonomy":"category","embeddable":true,"href":"https:\/\/www.europesays.com\/fr\/wp-json\/wp\/v2\/categories?post=464473"},{"taxonomy":"post_tag","embeddable":true,"href":"https:\/\/www.europesays.com\/fr\/wp-json\/wp\/v2\/tags?post=464473"}],"curies":[{"name":"wp","href":"https:\/\/api.w.org\/{rel}","templated":true}]}}