{"id":464492,"date":"2025-10-15T08:52:11","date_gmt":"2025-10-15T08:52:11","guid":{"rendered":"https:\/\/www.europesays.com\/fr\/464492\/"},"modified":"2025-10-15T08:52:11","modified_gmt":"2025-10-15T08:52:11","slug":"asse-terrible-coup-dur-pour-davitashvili","status":"publish","type":"post","link":"https:\/\/www.europesays.com\/fr\/464492\/","title":{"rendered":"ASSE : terrible coup dur pour Davitashvili !\u00a0"},"content":{"rendered":"<p><strong>Zuriko Davitashvili\u00a0(<a href=\"https:\/\/www.butfootballclub.fr\/623166-asse-mercato-une-offre-impossible-a-refuser-pour-davitashvili-en-janvier\/\" target=\"_blank\" rel=\"noopener\">ASSE<\/a>, 24 ans) et la G\u00e9orgie ne disputeront pas la Coupe du Monde 2026.\u00a0<\/strong><\/p>\n<p>Terrible d\u00e9convenue pour Zuriko Davitashvili. Titulaire hier soir en Turquie au poste d\u2019ailier droit et remplac\u00e9 \u00e0 la 71e minute, le G\u00e9orgien de l\u2019<a href=\"https:\/\/www.butfootballclub.fr\/623154-asse-un-autre-international-est-rentre-prematurement-dans-le-forez\/\" target=\"_blank\" rel=\"noopener\">ASSE<\/a> s\u2019est lourdement inclin\u00e9 (1-4) et peut faire une croix sur la Coupe du Monde 2026.\u00a0 De son c\u00f4t\u00e9, Dylan Batubinsika\u00a0n\u2019aura pas eu de temps de jeu avec l\u2019\u00e9quipe de la R\u00e9publique D\u00e9mocratique du Congo en ce mois d\u2019octobre. <\/p>\n<p>D\u00e9j\u00e0 priv\u00e9 de temps de jeu \u00e0 l\u2019ASSE cette saison, le d\u00e9fenseur central n\u2019\u00e9tait m\u00eame pas sur la feuille de match vendredi dernier lors de la victoire au Togo et est rest\u00e9 sur le banc hier soir lors du succ\u00e8s contre le Soudan. La RDC devra passer par les barrages pour d\u00e9crocher son billet pour la Coupe du Monde. La seule bonne nouvelle des internationaux de l\u2019ASSE est finalement venue de Lucas Stassin.<\/p>\n<p>Titularis\u00e9 \u00e0 la pointe de l\u2019\u00e9quipe de l\u2019\u00e9quipe de Belgique Espoirs \u00e0 l\u2019occasion de son grand retour \u00e0 Westerlo, l\u2019attaquant de l\u2019<a href=\"https:\/\/www.poteaux-carres.com\/potin-P0220251014220057-La-panenka-de-Lucas-.html\" target=\"_blank\" rel=\"noopener\">ASSE<\/a> a \u00e9t\u00e9 \u00e0 la peine hier soir face au Danemark lors des \u00e9liminatoires de l\u2019Euro mais il a eu le m\u00e9rit\u00e9 de sceller le succ\u00e8s (2-0) de son \u00e9quipe en transformant d\u2019une panenka \u00e0 la 93e minute un penalty qu\u2019il a lui m\u00eame obtenu.<\/p>\n","protected":false},"excerpt":{"rendered":"Zuriko Davitashvili\u00a0(ASSE, 24 ans) et la G\u00e9orgie ne disputeront pas la Coupe du Monde 2026.\u00a0 Terrible d\u00e9convenue pour&hellip;\n","protected":false},"author":2,"featured_media":464493,"comment_status":"","ping_status":"","sticky":false,"template":"","format":"standard","meta":{"footnotes":""},"categories":[1410],"tags":[11,448,63,1011,27,66,3388,12,60,10662],"class_list":{"0":"post-464492","1":"post","2":"type-post","3":"status-publish","4":"format-standard","5":"has-post-thumbnail","7":"category-football","8":"tag-actualites","9":"tag-champions-league","10":"tag-football","11":"tag-fr","12":"tag-france","13":"tag-ligue-1","14":"tag-matchs","15":"tag-news","16":"tag-sports","17":"tag-transferts"},"share_on_mastodon":{"url":"https:\/\/pubeurope.com\/@fr\/115377336801309711","error":""},"_links":{"self":[{"href":"https:\/\/www.europesays.com\/fr\/wp-json\/wp\/v2\/posts\/464492","targetHints":{"allow":["GET"]}}],"collection":[{"href":"https:\/\/www.europesays.com\/fr\/wp-json\/wp\/v2\/posts"}],"about":[{"href":"https:\/\/www.europesays.com\/fr\/wp-json\/wp\/v2\/types\/post"}],"author":[{"embeddable":true,"href":"https:\/\/www.europesays.com\/fr\/wp-json\/wp\/v2\/users\/2"}],"replies":[{"embeddable":true,"href":"https:\/\/www.europesays.com\/fr\/wp-json\/wp\/v2\/comments?post=464492"}],"version-history":[{"count":0,"href":"https:\/\/www.europesays.com\/fr\/wp-json\/wp\/v2\/posts\/464492\/revisions"}],"wp:featuredmedia":[{"embeddable":true,"href":"https:\/\/www.europesays.com\/fr\/wp-json\/wp\/v2\/media\/464493"}],"wp:attachment":[{"href":"https:\/\/www.europesays.com\/fr\/wp-json\/wp\/v2\/media?parent=464492"}],"wp:term":[{"taxonomy":"category","embeddable":true,"href":"https:\/\/www.europesays.com\/fr\/wp-json\/wp\/v2\/categories?post=464492"},{"taxonomy":"post_tag","embeddable":true,"href":"https:\/\/www.europesays.com\/fr\/wp-json\/wp\/v2\/tags?post=464492"}],"curies":[{"name":"wp","href":"https:\/\/api.w.org\/{rel}","templated":true}]}}