{"id":464498,"date":"2025-10-15T08:55:12","date_gmt":"2025-10-15T08:55:12","guid":{"rendered":"https:\/\/www.europesays.com\/fr\/464498\/"},"modified":"2025-10-15T08:55:12","modified_gmt":"2025-10-15T08:55:12","slug":"toulouse-100-000-livres-de-ses-aventures-ont-ete-vendus-violette-mirgue-revient-dans-un-nouvel-album","status":"publish","type":"post","link":"https:\/\/www.europesays.com\/fr\/464498\/","title":{"rendered":"Toulouse. 100 000 livres de ses aventures ont \u00e9t\u00e9 vendus, Violette Mirgue revient dans un nouvel album"},"content":{"rendered":"<p>            Par<br \/>\n        <strong><br \/>\n            <a href=\"https:\/\/actu.fr\/auteur\/lucie-2\" title=\"Consulter tous les articles de Lucie Fraisse\" target=\"_blank\" rel=\"noopener\">Lucie Fraisse<\/a><br \/>\n        <\/strong><\/p>\n<p>        Publi\u00e9 le<\/p>\n<p>            15 oct. 2025 \u00e0 9h05        <\/p>\n<p>C\u2019est la petite souris la plus c\u00e9l\u00e8bre de Toulouse. En une quinzaine d\u2019albums, <a href=\"https:\/\/actu.fr\/occitanie\/toulouse_31555\/violette-mirgue-la-petite-souris-de-toulouse-fete-ses-dix-ans-avec-une-nouvelle-aventure-au-japon_61736544.html\" target=\"_blank\" rel=\"noopener\">Violette Mirgue s\u2019est impos\u00e9e comme l\u2019une des stars de la litt\u00e9rature jeunesse<\/a>, dans la Ville rose et au-del\u00e0. Plus de<strong> 100 000 exemplaires des aventures de la mignonne souris<\/strong> au manteau violet ont d\u00e9j\u00e0 \u00e9t\u00e9 vendus, faisant de sa cr\u00e9atrice, Marie-Constance Mallard, l\u2019une des autrices phares de la maison d\u2019\u00e9dition toulousaine Privat.<\/p>\n<p>Un nouveau tome<\/p>\n<p class=\" wall-content\">Et le succ\u00e8s des aventures de Violette Mirgue n\u2019est pas pr\u00e8s de s\u2019arr\u00eater : un nouveau tome vient d\u2019\u00eatre publi\u00e9. Apr\u00e8s Toulouse, le canal du Midi, l\u2019espace ou encore le Japon, cette fois-ci la petite souris se rend dans une classe d\u2019\u00e9cole avec Saperlima\u00eetresse en d\u00e9tresse.<\/p>\n<p class=\" wall-content\">\u00ab\u00a0Avec ce nouveau livre<strong>, je retrouve mon tr\u00e8s jeune public<\/strong>, explique Marie-Constance Mallard. \u00c7a faisait longtemps que j\u2019avais envie de faire un livre sur l\u2019\u00e9cole.\u00a0\u00bb<\/p>\n<p>Apr\u00e8s une intervention dans une classe<\/p>\n<p class=\" wall-content\">Mais difficile de trouver un angle original sur le sujet, d\u00e9j\u00e0 abondamment trait\u00e9 par la litt\u00e9rature jeunesse. Le d\u00e9clic vient lors d\u2019une intervention dans une classe, comme celles que<strong> Marie-Constance Mallard<\/strong> fait r\u00e9guli\u00e8rement.<\/p>\n<p class=\" wall-content\">\u00ab\u00a0\u00c0 la fin, je leur ai distribu\u00e9 des autocollants \u00e0 paillettes et aucun n\u2019a remerci\u00e9, raconte l\u2019autrice. Je me suis dit qu\u2019il y avait quelque chose \u00e0 creuser. Je trouve que la politesse se perd, notamment aux portails des \u00e9coles o\u00f9 les parents ne s\u2019adressent pas toujours correctement aux enseignants. \u00c7a fait un peu \u00ab\u00a0old school\u00a0\u00bb de dire \u00e7a, mais j\u2019assume.\u00a0\u00bb<\/p>\n<p>Vid\u00e9os : en ce moment sur ActuUne ma\u00eetresse \u00ab\u00a0au bout du rouleau\u00a0\u00bb<\/p>\n<p class=\" wall-content\"><a href=\"https:\/\/www.leslibraires.fr\/livre\/24534504-une-aventure-de-violette-mirgue-saperlimaitresse-en-detresse-saperlimaitresse-en-detresse-marie-constance-mallard-privat\" target=\"_blank\" rel=\"noopener\">Saperlima\u00eetresse en d\u00e9tresse<\/a> raconte l\u2019histoire de Margaux, une ma\u00eetresse \u00ab\u00a0au bout du rouleau\u00a0\u00bb, dont les \u00e9l\u00e8ves oublient tous d\u2019\u00eatre polis. Violette et son acolyte Cluque vont alors tout faire pour aider l\u2019enseignante \u00e0 retrouver toute son \u00e9nergie et des \u00e9l\u00e8ves bien \u00e9lev\u00e9s.\u00a0<\/p>\n<p>Votre r\u00e9gion, votre actu !<\/p>\n<p>Recevez chaque jour les infos qui comptent pour vous.<\/p>\n<p>\t<a href=\"https:\/\/actu.fr\/newsletter\" class=\"ac-btn ac-btn--corner ac-btn--medium ac-btn--blue800\" target=\"_blank\" rel=\"noopener\">S&rsquo;incrire<\/a><\/p>\n<p class=\" wall-content\">Comme dans chacun de ses ouvrages, Marie-Constance Mallard soigne l\u2019arri\u00e8re-plan de chacune de ses illustrations qui fourmillent de d\u00e9tails. \u00ab\u00a0C\u2019est un peu ma marque de fabrique !\u00a0\u00bb, confesse l\u2019autrice.\u00a0<\/p>\n<p>Bient\u00f4t les aventures de Cluque!<\/p>\n<p class=\" wall-content\">Une marque de fabrique que l\u2019autrice aura le loisir de d\u00e9velopper dans un nouvel album qui sortira \u00e0 la rentr\u00e9e 2026. Mais aussi dans un \u00ab\u00a0spin-off\u00a0\u00bb de Violette Mirgue : <strong>Cluque aura en effet bient\u00f4t sa propre collection d\u2019albums jeunesse<\/strong>.<\/p>\n<p class=\" wall-content\">Personnalisez votre actualit\u00e9 en ajoutant vos villes et m\u00e9dias en favori avec <a href=\"https:\/\/moncompte.actu.fr\" title=\"D\u00e9couvez Mon Actu\" rel=\"nofollow noopener\" data-trk=\"{&quot;cta&quot;:{&quot;action&quot;:&quot;https:\\\/\\\/moncompte.actu.fr&quot;,&quot;category&quot;:&quot;mon compte&quot;,&quot;from&quot;:&quot;article footer&quot;,&quot;name&quot;:&quot;Mon actu&quot;,&quot;type&quot;:&quot;cta&quot;}}\" target=\"_blank\">Mon Actu<\/a>.<\/p>\n","protected":false},"excerpt":{"rendered":"Par Lucie Fraisse Publi\u00e9 le 15 oct. 2025 \u00e0 9h05 C\u2019est la petite souris la plus c\u00e9l\u00e8bre de&hellip;\n","protected":false},"author":2,"featured_media":464499,"comment_status":"","ping_status":"","sticky":false,"template":"","format":"standard","meta":{"footnotes":""},"categories":[1357],"tags":[1379,58,59,1011,27,1380,1652],"class_list":{"0":"post-464498","1":"post","2":"type-post","3":"status-publish","4":"format-standard","5":"has-post-thumbnail","7":"category-livres","8":"tag-books","9":"tag-divertissement","10":"tag-entertainment","11":"tag-fr","12":"tag-france","13":"tag-livres","14":"tag-loisirs-culture"},"share_on_mastodon":{"url":"https:\/\/pubeurope.com\/@fr\/115377348614481583","error":""},"_links":{"self":[{"href":"https:\/\/www.europesays.com\/fr\/wp-json\/wp\/v2\/posts\/464498","targetHints":{"allow":["GET"]}}],"collection":[{"href":"https:\/\/www.europesays.com\/fr\/wp-json\/wp\/v2\/posts"}],"about":[{"href":"https:\/\/www.europesays.com\/fr\/wp-json\/wp\/v2\/types\/post"}],"author":[{"embeddable":true,"href":"https:\/\/www.europesays.com\/fr\/wp-json\/wp\/v2\/users\/2"}],"replies":[{"embeddable":true,"href":"https:\/\/www.europesays.com\/fr\/wp-json\/wp\/v2\/comments?post=464498"}],"version-history":[{"count":0,"href":"https:\/\/www.europesays.com\/fr\/wp-json\/wp\/v2\/posts\/464498\/revisions"}],"wp:featuredmedia":[{"embeddable":true,"href":"https:\/\/www.europesays.com\/fr\/wp-json\/wp\/v2\/media\/464499"}],"wp:attachment":[{"href":"https:\/\/www.europesays.com\/fr\/wp-json\/wp\/v2\/media?parent=464498"}],"wp:term":[{"taxonomy":"category","embeddable":true,"href":"https:\/\/www.europesays.com\/fr\/wp-json\/wp\/v2\/categories?post=464498"},{"taxonomy":"post_tag","embeddable":true,"href":"https:\/\/www.europesays.com\/fr\/wp-json\/wp\/v2\/tags?post=464498"}],"curies":[{"name":"wp","href":"https:\/\/api.w.org\/{rel}","templated":true}]}}