{"id":46450,"date":"2025-04-23T11:34:12","date_gmt":"2025-04-23T11:34:12","guid":{"rendered":"https:\/\/www.europesays.com\/fr\/46450\/"},"modified":"2025-04-23T11:34:12","modified_gmt":"2025-04-23T11:34:12","slug":"a-saint-etienne-lambition-du-beau-en-trois-objets-memorables","status":"publish","type":"post","link":"https:\/\/www.europesays.com\/fr\/46450\/","title":{"rendered":"\u00c0 Saint-\u00c9tienne, \u00ab\u00a0l\u2019ambition du beau\u00a0\u00bb en trois objets m\u00e9morables"},"content":{"rendered":"<p class=\"editor-content__paragraph\">Depuis 1998, Saint-\u00c9tienne s\u2019est impos\u00e9e comme la <strong>capitale du design en France<\/strong>, gr\u00e2ce \u00e0 sa fameuse <strong>Biennale internationale<\/strong>, mais aussi \u00e0 sa Cit\u00e9 du design, laquelle comprend l\u2019\u00c9cole sup\u00e9rieure d\u2019art et design de Saint-\u00c9tienne (Esadse). Mais qu\u2019y a-t-il \u00e0 l\u2019origine de cette histoire\u00a0?<\/p>\n<p class=\"editor-content__paragraph\">Pour r\u00e9pondre \u00e0 cette question, le <a href=\"https:\/\/www.beauxarts.com\/expos\/les-savoir-faire-stephanois-brillent-dans-le-nouveau-parcours-du-musee-dart-et-dindustrie\/\" target=\"_blank\" rel=\"noopener\"><strong>mus\u00e9e d\u2019Art et d\u2019Industrie de Saint-\u00c9tienne<\/strong><\/a> nous propose de revenir sur l\u2019origine de ses collections, mais aussi de raconter \u00ab\u00a0une <strong>ville profond\u00e9ment industrielle<\/strong>, o\u00f9 les ouvriers repr\u00e9sentent plus des trois quarts de la population \u00e0 l\u2019aube du XXe si\u00e8cle, o\u00f9 des mouvements sociaux de grande ampleur posent les fondements des valeurs communes d\u2019aujourd\u2019hui, o\u00f9 des institutions tels le mus\u00e9e et l\u2019\u00e9cole d\u2019art vont servir de <strong>champs d\u2019exp\u00e9rimentation<\/strong>\u00a0\u00bb, comme l\u2019explique Marie-Caroline Janand, directrice du p\u00f4le mus\u00e9al de la Ville.<\/p>\n<p>Un parcours de 300\u00a0objets<\/p>\n<p class=\"editor-content__paragraph\">Son parcours, riche d\u2019un peu plus de <strong>300\u00a0objets<\/strong>, retrace \u00e0 la fois les trois grandes industries de la ville \u2013 <strong>rubans, armes et cycles<\/strong> \u2013 et interroge la notion de ce qui appara\u00eet <strong>\u00ab\u00a0beau\u00a0\u00bb<\/strong> au fil des \u00e9poques, \u00e0 travers diff\u00e9rentes peintures, sculptures, porcelaines, \u00e9maux et bijoux. Ensemble, les \u0153uvres laissent deviner diff\u00e9rentes origines au design d\u2019aujourd\u2019hui, entre recherche d\u2019<strong>\u00e9l\u00e9gance, efficacit\u00e9 et comp\u00e9titivit\u00e9<\/strong>.<\/p>\n<p>    <img loading=\"lazy\" decoding=\"async\" class=\"image__img\" src=\"https:\/\/www.europesays.com\/fr\/wp-content\/uploads\/2025\/04\/2.1-1-964x643.jpg\" alt=\"Atelier des Embriachi, Italie du Nord, Coffret de mariage\" width=\"964\" height=\"643\"\/><\/p>\n<p>Atelier des Embriachi, Italie du Nord, Coffret de mariage, 1375\u20131450<\/p>\n<p>    i<\/p>\n<p class=\"legende__cartel\">Mus\u00e9e d\u2019Art et d\u2019Industrie \u2022 Ville de Saint-\u00c9tienne<\/p>\n<p class=\"editor-content__paragraph\">Premier objet \u00e0 arr\u00eater notre regard, <strong>un magnifique coffret de mariage<\/strong> venu de l\u2019Italie du Nord, sign\u00e9 de l\u2019atelier des Embriachi et dat\u00e9 entre 1375\u00a0et 1450\u00a0: extr\u00eamement fin, orn\u00e9 d\u2019une marqueterie de motifs g\u00e9om\u00e9triques en incrustation d\u2019\u00e9b\u00e8ne, \u00e9tain, peuplier, poirier et corne, celui-ci t\u00e9moigne du \u00ab\u00a0beau\u00a0\u00bb comme d\u2019une <strong>affaire priv\u00e9e<\/strong>, qui s\u2019incarne dans <strong>des tr\u00e9sors familiaux<\/strong>, fa\u00e7onn\u00e9s dans les plus prestigieux ateliers d\u2019Europe.<\/p>\n<p>        \u00c0 lire aussi :<br \/>\n        <a class=\"renvoi-explicite__link\" href=\"https:\/\/www.beauxarts.com\/expos\/les-savoir-faire-stephanois-brillent-dans-le-nouveau-parcours-du-musee-dart-et-dindustrie\/\" target=\"_blank\" rel=\"noopener\">Les savoir-faire st\u00e9phanois brillent dans le nouveau parcours du mus\u00e9e d\u2019Art et d\u2019Industrie<\/a><\/p>\n<p>Du beau appliqu\u00e9 aux objets communs<\/p>\n<p>    <img loading=\"lazy\" decoding=\"async\" class=\"image__img\" src=\"https:\/\/www.europesays.com\/fr\/wp-content\/uploads\/2025\/04\/13-964x1317.jpg\" alt=\"Jo ROUX (Joseph Philippe ROUX, dit) (1897-1952) pour CASINO GUICHARDPERRACHON ET CIE, Saint-\u00c9tienne, Affiche pour le \u00ab\u00a0Lait naturel Jojo\u00a0\u00bb\" width=\"964\" height=\"1317\"\/><\/p>\n<p>Jo ROUX (Joseph Philippe ROUX, dit) (1897\u20131952) pour CASINO GUICHARDPERRACHON ET CIE, Saint-\u00c9tienne, Affiche pour le \u00ab\u00a0Lait naturel Jojo\u00a0\u00bb, 15\u00a0juillet 1935<\/p>\n<p>    i<\/p>\n<p class=\"legende__cartel\">Coll. priv\u00e9e \u2022 Ville de Saint-\u00c9tienne<\/p>\n<p class=\"editor-content__paragraph\">Le beau \u00e9volue ensuite nettement avec l\u2019affiche pour le \u00ab\u00a0lait naturel Jojo\u00a0\u00bb sign\u00e9e par <strong>Jo Roux<\/strong> en 1935, dont <strong>l\u2019esth\u00e9tique publicitaire<\/strong> est marqu\u00e9e par une grande lisibilit\u00e9, une simplicit\u00e9 dans les choix de couleurs et des motifs, et la concision du message \u2013 qui se r\u00e9sume \u00e0 l\u2019alliance du produit et du prix. Efficace, l\u2019affiche fait pourtant aussi la <strong>promotion d\u2019un voyage sensoriel <\/strong>dans les Alpes, o\u00f9 se meuvent les deux vaches de l\u2019\u00e9tiquette, et d\u2019une sant\u00e9 garantie par le <strong>bleu glac\u00e9 de l\u2019horizon<\/strong>\u2026<\/p>\n<p class=\"editor-content__paragraph\">Enfin, on s\u2019attarde sur une charmante et singuli\u00e8re \u00c9tude de la plante dessin\u00e9e par <strong>Maurice Pillard Verneuil<\/strong> en 1903\u00a0: illustrateur et critique d\u2019art, l\u2019auteur de nombreux ouvrages p\u00e9dagogiques sur l\u2019<a href=\"https:\/\/www.beauxarts.com\/grand-format\/lart-nouveau-en-3-minutes\/\" target=\"_blank\" rel=\"noopener\">Art nouveau<\/a> soigne ici une planche qui n\u2019est pas destin\u00e9e aux chercheurs des mus\u00e9ums d\u2019histoire naturelle mais \u00e0 l\u2019\u00ab\u00a0application aux industries d\u2019art\u00a0\u00bb. Celle-ci fait partie d\u2019un recueil riche de <strong>400\u00a0dessins au pochoir<\/strong>, chacun proposant des <strong>compositions florales<\/strong> adapt\u00e9es \u00e0 la forme et la mati\u00e8re d\u2019objets d\u2019art\u2026 \u00c9difiant\u00a0!<\/p>\n<p>        \u00c0 lire aussi :<br \/>\n        <a class=\"renvoi-explicite__link\" href=\"https:\/\/www.beauxarts.com\/expos\/comment-saint-etienne-a-democratise-le-beau-en-reconciliant-art-et-industrie\/\" target=\"_blank\" rel=\"noopener\">Comment Saint-\u00c9tienne a d\u00e9mocratis\u00e9 le beau en r\u00e9conciliant art et industrie<\/a><\/p>\n<p>  Arrow<\/p>\n<p>L\u2019ambition du beau<\/p>\n<p>Du 13 mars 2025 au 9 novembre 2025<\/p>\n<p class=\"url-expo\"><a href=\"https:\/\/www.saint-etienne.fr\/agenda\/exposition-temporaire-lambition-du-beau\" target=\"_blank\" rel=\"noopener\">www.saint-etienne.fr<\/a><\/p>\n<p class=\"annexe-content__infos\">Mus\u00e9e d&rsquo;Art et d&rsquo;Industrie &#8211; Saint-\u00c9tienne \u2022 2 Place Louis Comte \u2022 42000 Saint-\u00c9tienne<br \/><a href=\"http:\/\/www.musee-art-industrie.saint-etienne.fr\/\" target=\"_blank\" rel=\"noopener\">www.musee-art-industrie.saint-etienne.fr<\/a><\/p>\n","protected":false},"excerpt":{"rendered":"Depuis 1998, Saint-\u00c9tienne s\u2019est impos\u00e9e comme la capitale du design en France, gr\u00e2ce \u00e0 sa fameuse Biennale internationale,&hellip;\n","protected":false},"author":2,"featured_media":46451,"comment_status":"","ping_status":"","sticky":false,"template":"","format":"standard","meta":{"footnotes":""},"categories":[9653],"tags":[1111,11,2430,1777,674,1011,27,13598,12,13597,4579,25,4001],"class_list":{"0":"post-46450","1":"post","2":"type-post","3":"status-publish","4":"format-standard","5":"has-post-thumbnail","7":"category-saint-etienne","8":"tag-actu","9":"tag-actualites","10":"tag-auvergne-rhone-alpes","11":"tag-eu","12":"tag-europe","13":"tag-fr","14":"tag-france","15":"tag-musee-dart-et-dindustrie-de-saint-etienne","16":"tag-news","17":"tag-objet-dart","18":"tag-partenaire","19":"tag-republique-francaise","20":"tag-saint-etienne"},"share_on_mastodon":{"url":"https:\/\/pubeurope.com\/@fr\/114387069633427965","error":""},"_links":{"self":[{"href":"https:\/\/www.europesays.com\/fr\/wp-json\/wp\/v2\/posts\/46450","targetHints":{"allow":["GET"]}}],"collection":[{"href":"https:\/\/www.europesays.com\/fr\/wp-json\/wp\/v2\/posts"}],"about":[{"href":"https:\/\/www.europesays.com\/fr\/wp-json\/wp\/v2\/types\/post"}],"author":[{"embeddable":true,"href":"https:\/\/www.europesays.com\/fr\/wp-json\/wp\/v2\/users\/2"}],"replies":[{"embeddable":true,"href":"https:\/\/www.europesays.com\/fr\/wp-json\/wp\/v2\/comments?post=46450"}],"version-history":[{"count":0,"href":"https:\/\/www.europesays.com\/fr\/wp-json\/wp\/v2\/posts\/46450\/revisions"}],"wp:featuredmedia":[{"embeddable":true,"href":"https:\/\/www.europesays.com\/fr\/wp-json\/wp\/v2\/media\/46451"}],"wp:attachment":[{"href":"https:\/\/www.europesays.com\/fr\/wp-json\/wp\/v2\/media?parent=46450"}],"wp:term":[{"taxonomy":"category","embeddable":true,"href":"https:\/\/www.europesays.com\/fr\/wp-json\/wp\/v2\/categories?post=46450"},{"taxonomy":"post_tag","embeddable":true,"href":"https:\/\/www.europesays.com\/fr\/wp-json\/wp\/v2\/tags?post=46450"}],"curies":[{"name":"wp","href":"https:\/\/api.w.org\/{rel}","templated":true}]}}