{"id":464502,"date":"2025-10-15T08:57:13","date_gmt":"2025-10-15T08:57:13","guid":{"rendered":"https:\/\/www.europesays.com\/fr\/464502\/"},"modified":"2025-10-15T08:57:13","modified_gmt":"2025-10-15T08:57:13","slug":"lartiste-francaise-yseult-denonce-le-plagiat-de-son-clip-par-des-artistes-de-k-pop-et-se-fait-cyberharceler-en-retour","status":"publish","type":"post","link":"https:\/\/www.europesays.com\/fr\/464502\/","title":{"rendered":"L\u2019artiste fran\u00e7aise Yseult d\u00e9nonce le plagiat de son clip par des artistes de K-pop\u2026 et se fait cyberharceler en retour"},"content":{"rendered":"<p>Le r\u00e9alisateur du clip cor\u00e9en a depuis admis avoir \u00e9t\u00e9 \u201cinspir\u00e9\u201d par Yseult et a pr\u00e9sent\u00e9 ses excuses.<\/p>\n<p>Ce samedi 11 octobre, l\u2019autrice et interpr\u00e8te Yseult a \u00e9t\u00e9 alert\u00e9e par ses fans qu\u2019un clip de K-pop avait plagi\u00e9 certains plans de la vid\u00e9o de son titre \u00ab\u00a0Bitch you could never\u00a0\u00bb, r\u00e9alis\u00e9 par Shadrinsky et sorti en mai 2024. Les deux extraits, mis c\u00f4te \u00e0 c\u00f4te, mettent effectivement en \u00e9vidence un copi\u00e9-coll\u00e9 flagrant.<\/p>\n<p class=\"text-konbiniBlack px-3 pt-0 text-left font-bold text-2xl\">\u00c0 voir aussi sur Konbini<\/p>\n<p>M\u00eame d\u00e9cor, m\u00eame esth\u00e9tique, m\u00eames sc\u00e8nes de bureau\u2026 Ironiquement, la chanson raconte que des gens essayent d\u2019imiter Yseult sans jamais y parvenir. Les artistes cor\u00e9ens R.Tee et Soyeon, qui performent sur le morceau \u00ab\u00a0DAMDADI\u00a0\u00bb, sorti en ao\u00fbt dernier, sont somm\u00e9s par les fans d\u2019Yseult de donner des explications.\u00a0<\/p>\n<p>La chanteuse, quant \u00e0 elle, a pris la parole sur son compte X pour demander des comptes : \u00ab\u00a0Le r\u00e9alisateur, le label, les artistes et toute personne impliqu\u00e9e, le moins que vous puissiez faire c\u2019est d\u2019avoir la d\u00e9cence de cr\u00e9diter votre source.\u00a0\u00bb Elle critique \u00e9galement le milieu de la K-pop et l\u2019accuse d\u2019appropriation du travail des artistes noir\u00b7e\u00b7s :\u00a0<\/p>\n<p>\u00ab\u00a0Soyons r\u00e9alistes, l\u2019industrie de la K-pop, comme beaucoup d\u2019autres, pompe la culture noire comme un vampire depuis des d\u00e9cennies. Elle sample nos sons, vole nos mouvements, porte notre peau comme un costume, profite de notre douleur tout en effa\u00e7ant nos noms ! Arr\u00eatez de voler les artistes et de faire comme si cela n\u2019avait aucune importance.\u00a0\u00bb<\/p>\n<p>Ce reproche envers la K-pop qui \u00ab\u00a0pillerait\u00a0\u00bb les artistes noir\u00b7e\u00b7s n\u2019est pas nouveau, et Yseult n\u2019est pas la premi\u00e8re \u00e0 d\u00e9noncer le ph\u00e9nom\u00e8ne. En 2020 d\u00e9j\u00e0, le <a href=\"https:\/\/www.theguardian.com\/music\/2020\/jul\/20\/k-pop-black-fans-creatives-industry-accountable-race\" target=\"_blank\" rel=\"noopener\">Guardian<\/a> exposait une industrie dont nombre de ses hits \u00e9taient en fait le fruit du travail d\u2019auteur\u00b7rice\u00b7s, compositeur\u00b7rice\u00b7s et producteur\u00b7rice\u00b7s noir\u00b7e\u00b7s, notamment afro-am\u00e9ricain\u00b7e\u00b7s, moyennant une r\u00e9mun\u00e9ration d\u00e9risoire.\u00a0<\/p>\n<p>Une appropriation qui prend une dimension plus grave encore lorsque l\u2019on constate la relative tol\u00e9rance pour les attitudes et propos racistes des groupes comme des fans de K-pop, comme en 2017 lorsque le girls band Mamamoo <a href=\"https:\/\/www.billboard.com\/music\/music-news\/k-pop-girl-group-mamamoo-apologizes-blackface-performance-uptown-funk-7710346\/\" target=\"_blank\" rel=\"noopener\">faisait un blackface<\/a> sur sc\u00e8ne sur la reprise d\u2019\u00a0\u00bbUptown Funk\u00a0\u00bb.\u00a0<\/p>\n<p>Deux jours apr\u00e8s le post initial d\u2019Yseult, le r\u00e9alisateur du clip incrimin\u00e9, Hong Minho, par le biais du compte X du label RTST, a pr\u00e9sent\u00e9 ses excuses \u00e0 la chanteuse fran\u00e7aise tout en affirmant avoir simplement \u00e9t\u00e9 \u00ab\u00a0inspir\u00e9\u00a0\u00bb par elle et sa vid\u00e9o.\u00a0<\/p>\n<p>\u00ab\u00a0J\u2019ai toujours admir\u00e9 Yseult et les r\u00e9alisateurs avec lesquels elle a travaill\u00e9s, et cette admiration a naturellement inspir\u00e9 les id\u00e9es visuelles que j\u2019ai imagin\u00e9es durant ce projet. Cependant, je m\u2019excuse sinc\u00e8rement que le rendu de certaines sc\u00e8nes ressemble directement \u00e0 son \u0153uvre originale, et je regrette profond\u00e9ment l\u2019offense que \u00e7a a pu causer, \u00e0 elle et \u00e0 son \u00e9quipe.\u00a0\u00bb<\/p>\n<\/p>\n<p>L\u2019affaire aurait pu en rester l\u00e0, mais les fans de la rappeuse Soyeon \u2014 qui fait un featuring sur le morceau DAMDADI et n\u2019est donc pas vis\u00e9e par les accusations de plagiat \u2014 s\u2019en sont pris massivement \u00e0 Yseult, la pressant de s\u2019excuser envers leur idole, prof\u00e9rant au passage des insultes racistes et grossophobes.<\/p>\n<p>Depuis plusieurs jours, parce qu\u2019elle a d\u00e9nonc\u00e9 publiquement le plagiat de son clip, dont le responsable a reconnu les faits \u00e0 demi-mots, la chanteuse se fait cyberharceler sur les r\u00e9seaux sociaux. Mais Yseult, qui n\u2019en est pas, h\u00e9las, \u00e0 son premier rod\u00e9o, persiste et signe, avec humour : \u00ab\u00a0Je devrais juste faire un concert en Cor\u00e9e et filer aux voleurs des places au premier rang. Lol, ramenez vos cam\u00e9ras.\u00a0\u00bb<\/p>\n","protected":false},"excerpt":{"rendered":"Le r\u00e9alisateur du clip cor\u00e9en a depuis admis avoir \u00e9t\u00e9 \u201cinspir\u00e9\u201d par Yseult et a pr\u00e9sent\u00e9 ses excuses.&hellip;\n","protected":false},"author":2,"featured_media":464503,"comment_status":"","ping_status":"","sticky":false,"template":"","format":"standard","meta":{"footnotes":""},"categories":[1355],"tags":[58,59,1011,27,1361,873,1970],"class_list":{"0":"post-464502","1":"post","2":"type-post","3":"status-publish","4":"format-standard","5":"has-post-thumbnail","7":"category-musique","8":"tag-divertissement","9":"tag-entertainment","10":"tag-fr","11":"tag-france","12":"tag-music","13":"tag-musique","14":"tag-pop-culture"},"share_on_mastodon":{"url":"https:\/\/pubeurope.com\/@fr\/115377356446870988","error":""},"_links":{"self":[{"href":"https:\/\/www.europesays.com\/fr\/wp-json\/wp\/v2\/posts\/464502","targetHints":{"allow":["GET"]}}],"collection":[{"href":"https:\/\/www.europesays.com\/fr\/wp-json\/wp\/v2\/posts"}],"about":[{"href":"https:\/\/www.europesays.com\/fr\/wp-json\/wp\/v2\/types\/post"}],"author":[{"embeddable":true,"href":"https:\/\/www.europesays.com\/fr\/wp-json\/wp\/v2\/users\/2"}],"replies":[{"embeddable":true,"href":"https:\/\/www.europesays.com\/fr\/wp-json\/wp\/v2\/comments?post=464502"}],"version-history":[{"count":0,"href":"https:\/\/www.europesays.com\/fr\/wp-json\/wp\/v2\/posts\/464502\/revisions"}],"wp:featuredmedia":[{"embeddable":true,"href":"https:\/\/www.europesays.com\/fr\/wp-json\/wp\/v2\/media\/464503"}],"wp:attachment":[{"href":"https:\/\/www.europesays.com\/fr\/wp-json\/wp\/v2\/media?parent=464502"}],"wp:term":[{"taxonomy":"category","embeddable":true,"href":"https:\/\/www.europesays.com\/fr\/wp-json\/wp\/v2\/categories?post=464502"},{"taxonomy":"post_tag","embeddable":true,"href":"https:\/\/www.europesays.com\/fr\/wp-json\/wp\/v2\/tags?post=464502"}],"curies":[{"name":"wp","href":"https:\/\/api.w.org\/{rel}","templated":true}]}}