{"id":464522,"date":"2025-10-15T09:07:12","date_gmt":"2025-10-15T09:07:12","guid":{"rendered":"https:\/\/www.europesays.com\/fr\/464522\/"},"modified":"2025-10-15T09:07:12","modified_gmt":"2025-10-15T09:07:12","slug":"le-reseau-entreprendre-loire-veut-booster-la-reprise-dentreprises","status":"publish","type":"post","link":"https:\/\/www.europesays.com\/fr\/464522\/","title":{"rendered":"Le R\u00e9seau Entreprendre Loire veut \u00ab\u00a0booster\u00a0\u00bb la reprise d\u2019entreprises"},"content":{"rendered":"<p class=\"is-style-chapo\">L\u2019entit\u00e9 Loire du R\u00e9seau Entreprendre a souhait\u00e9 f\u00eater ses 25 ans en insistant sur la reprise d\u2019entreprises. Une journ\u00e9e d\u00e9di\u00e9e \u00e0 celle-ci jeudi dernier, en trois temps. D\u2019abord \u00e0 l\u2019ISTP entre sensibilisation d\u2019\u00e9tudiants puis accompagnement de six repreneurs. Avant de conclure, en soir\u00e9e, \u00e0 l\u2019Arena, avec la venue et l\u2019intervention de Jean-Pierre Nadir, m\u00e9diatique entrepreneur, fondateur \u2013 entre autres \u2013 d\u2019Easyvoyage.com .<\/p>\n<p><img fetchpriority=\"high\" decoding=\"async\" width=\"1024\" height=\"576\" src=\"https:\/\/www.europesays.com\/fr\/wp-content\/uploads\/2025\/10\/20251009_165322-1-1024x576.jpg\" alt=\"\" class=\"wp-image-80763\"  \/>Jeudi 9 octobre, des membres du R\u00e9seau Entreprendre Loire entourant Jean-Pierre Nadir, au centre. \u00a9If Saint-Etienne \/ XA<\/p>\n<p>Les chiffres d\u00e9partementaux manquent. Alors pour ce qui est de la Loire, il semble que seuls ceux de la Chambre des m\u00e9tiers et de l\u2019artisanat (CMA) puissent faire foi quant \u00e0 illustrer localement la probl\u00e9matique. Ils datent de 2023\u00a0quand 19 % des chefs d\u2019entreprise artisanale lig\u00e9riens avaient plus de 55 ans et que 3\u00a0700 entreprises artisanales \u00e9taient \u00e0 transmettre dans les 5 ans \u00e0 venir. Particuli\u00e8rement en alerte sur la question, la CMA 42 a lanc\u00e9 depuis des ann\u00e9es des <a href=\"https:\/\/www.if-saint-etienne.fr\/economie\/reprise-et-creation-dentreprise-la-cma-loire-met-en-avant-ses-arguments\" target=\"_blank\" rel=\"noreferrer noopener\">programmes<\/a> d\u2019accompagnement sp\u00e9cifiques. Elle s\u2019est donc, sans doute naturellement, joint aux initiatives nouvelles du R\u00e9seau Entreprendre Loire en la mati\u00e8re.<\/p>\n<p>R\u00e9seau national mais au fonctionnement de chefs d\u2019entreprise cr\u00e9\u00e9 en 1986 par Andr\u00e9 Mulliez, R\u00e9seau Entreprendre propose un accompagnement de proximit\u00e9 \u2013 d\u00e9clenchant pour un projet s\u00e9lectionn\u00e9 du conseil, un suivi, des aides morales et financi\u00e8res \u2013 de cr\u00e9ateurs d\u2019emplois aux projets d\u00e9sign\u00e9s laur\u00e9ats.\u00a0Dans la Loire, des centaines d\u2019entreprises en ont b\u00e9n\u00e9fici\u00e9 en 25 ans d\u2019implantation \u00e0 l\u2019image de Sil\u00e9ane ou, plus r\u00e9cemment, <a href=\"https:\/\/www.if-saint-etienne.fr\/economie\/drones-hexadrone-met-le-cap-sur-lindustrialisation-pour-devenir-un-leader-mondial\" target=\"_blank\" rel=\"noreferrer noopener\">d\u2019Hexadrone<\/a>, de la Cie des <a href=\"https:\/\/www.if-saint-etienne.fr\/economie\/la-compagnie-des-deboucheurs-pousse-toujours-plus-loin\" target=\"_blank\" rel=\"noreferrer noopener\">D\u00e9boucheurs<\/a>, sinon de la <a href=\"https:\/\/www.if-saint-etienne.fr\/economie\/sous-traitante-de-900-care-la-fabrique-a-poudre-ne-comprime-pas-ses-ambitions\" target=\"_blank\" rel=\"noreferrer noopener\">Fabrique<\/a> \u00e0 poudre pour \u00e9voquer des r\u00e9ussites locales spectaculaires. Des centaines de membres participent b\u00e9n\u00e9volement plus ou moins intens\u00e9ment \u00e0 cette vaste entreprise de coaching entrepreneurial qu\u2019il s\u2019agisse de cr\u00e9ateurs ou de repreneurs. Leurs parcours sont d\u2019ailleurs d\u00e9j\u00e0 distincts selon ce statut. Autant de pl\u00e2tres essuy\u00e9s dont r\u00e9sultent un savoir-faire et cette capacit\u00e9 \u00e0 partager donc appr\u00e9hender les questions que se posent les repreneurs, voire les transmetteurs.<\/p>\n<p>500 000 entreprises fran\u00e7aises \u00e0 reprendre d\u2019ici 2035<\/p>\n<p>Et elles sont loin de se cantonner au pur aspect de la suite \u00e0 donner au \u00ab\u00a0business\u00a0\u00bb en soi. \u00ab\u00a0Nous nous demandions comment f\u00eater nos 25 ans. Or, le climat n\u2019est pas vraiment propice \u00e0 de grandes festivit\u00e9s, raconte sa directrice, C\u00e9line Henrion Ribeyron. D\u00e9dier cet anniversaire \u00e0 cette th\u00e9matique pr\u00e9gnante nous a sembl\u00e9 plus pertinent.\u00a0\u00bb D\u2019autant que depuis 18 mois, souligne son pr\u00e9sident Bruno <a href=\"https:\/\/www.if-saint-etienne.fr\/breves\/bruno-deville-est-le-nouveau-president-de-reseau-entreprendre-loire\" target=\"_blank\" rel=\"noreferrer noopener\">Deville<\/a>, R\u00e9seau Entreprendre Loire a lanc\u00e9 un club sp\u00e9cifique sur le sujet qui associe la CMA donc mais aussi la CCI, la BPI, la Banque de France Loire, France Travail et la pr\u00e9fecture. Mais ni le Medef, ni la CPME Loire, sollicit\u00e9s, n\u2019ont pour l\u2019instant donn\u00e9 suite \u00e0 l\u2019id\u00e9e d\u2019int\u00e9grer ce club, nous pr\u00e9cise Bruno Deville.<\/p>\n<p>Partenaires ou potentiels partenaires, pas plus que l\u2019Insee ou tout autre observatoire sond\u00e9 par le r\u00e9seau, n\u2019ont de chiffres globaux d\u00e9partementaux \u00e0 disposition sur la probl\u00e9matique de la transmission autres que ceux nationaux. Ils ont quelque chose d\u2019alarmant : un quart de chefs d\u2019entreprise ont plus de 60 ans en France, 500 000 entreprises seraient \u00e0 reprendre dans les 10 ans qui viennent selon les <a href=\"https:\/\/www.entreprises.gouv.fr\/espace-presse\/lancement-dune-mission-dediee-la-transmission-reprise-dentreprises\" target=\"_blank\" rel=\"noreferrer noopener\">donn\u00e9es<\/a> gouvernementales\u2026 Il faudra bien des personnalit\u00e9s motiv\u00e9es pour les remplacer. D\u2019autant plus vrai dans un d\u00e9partement comme la Loire dont\u00a0le tissu tr\u00e8s dense de PME \/ TPE, en particulier industrielles, est \u00e0 la fois la force et la faiblesse. C\u2019est dans cet objectif de susciter, entretenir, confirmer et accompagner des motiv\u00e9s \u00e0 se lancer que R\u00e9seau Entreprendre Loire avait organis\u00e9 trois temps forts la semaine pass\u00e9e dans l\u2019\u00e9crin tout trouv\u00e9 des <a href=\"https:\/\/www.if-saint-etienne.fr\/economie\/porte-par-le-nucleaire-listp-inaugure-une-nouvelle-etape-de-sa-jeune-histoire\" target=\"_blank\" rel=\"noreferrer noopener\">nouveaux locaux<\/a> de l\u2019ISTP.<\/p>\n<p>Graine de reprise et Loire Booster Camp\u00a0<\/p>\n<p>L\u2019\u00e9cole d\u2019ing\u00e9nieurs compte en effet un taux impressionnant d\u2019entrepreneurs cr\u00e9ateurs repreneurs parmi ses milliers d\u2019alumnis,\u00a0\u00ab trois fois plus \u00e9lev\u00e9 \u00bb\u00a0qu\u2019au sein des ex-\u00e9tudiants de formations \u00e9quivalentes : 10 %, 10 ans apr\u00e8s le dipl\u00f4me, 17 %, 20 ans apr\u00e8s. Mais les apprentis ing\u00e9nieurs actuels de l\u2019ISTP n\u2019ont pas pour autant compos\u00e9 la majeure partie de la cinquantaine d\u2019\u00e9tudiants venus \u00e0 \u00ab\u00a0Graine de reprise\u00a0\u00bb jeudi dernier, premier des temps forts d\u00e9ploy\u00e9 par le R\u00e9seau Entreprendre Loire. \u00ab\u00a0Ils \u00e9taient trois de l\u2019ISTP, mais il y avait de tout pour le reste avec une grosse repr\u00e9sentation de l\u2019universit\u00e9 Jean-Monnet, l\u2019IUT en particulier.\u00a0\u00bb Une sensibilisation \u00e0 la racine donc par des membres du r\u00e9seau.<\/p>\n<p>Second temps fort l\u2019apr\u00e8s-midi le \u00ab\u00a0Loire Booster Camp\u00a0\u00bb\u00a0: six<strong>*<\/strong> entrepreneurs \/ repreneurs organiques, sinon externes, venus poser sur la table et confronter \u00e0 plusieurs dirigeants leurs projets, les doutes et questionnements allant avec, y compris sur le fait pour certains de changer de statut, de responsabilit\u00e9s. Comment, par exemple, g\u00e9rer le relationnel pour ceux d\u00e9j\u00e0 dans la maison passant ainsi de coll\u00e8gue \u00e0 patron\u00a0? Un \u00ab\u00a0num\u00e9ro 2\u00a0\u00bb peut-il automatiquement devenir \u00ab\u00a0num\u00e9ro 1\u00a0\u00bb ? Que faut-il pour cela ? Un total de 80 chefs d\u2019entreprises \u00e9tait mobilis\u00e9 pour les aider \u00e0 franchir le pas \u00e0 la lumi\u00e8re de leur exp\u00e9rience respective. Si l\u2019ampleur du besoin autour de la reprise n\u2019est pas connue \u00e0 l\u2019\u00e9chelle d\u00e9partementale, R\u00e9seau Entreprendre Loire note que 98 % des candidatures \u00e0 ses parcours d\u2019accompagnement habituels concerne cette ann\u00e9e la reprise de l\u2019existant.<\/p>\n<p>\u00ab\u00a0Message d\u2019espoir\u00a0\u00bb<\/p>\n<blockquote>\n<p>Les obstacles, les \u00e9checs font partie de la prise de risque et \u00e7a n\u2019a rien d\u2019infamant. \u00ab\u00a0Quand tu veux, tu peux\u00a0\u00bb\u00a0: je n\u2019aime pas cette phrase. <\/p>\n<p>Jean-Pierre Nadir<\/p><\/blockquote>\n<p>Signe d\u2019une crainte montante de partir de z\u00e9ro ? Le taux varie d\u2019une ann\u00e9e \u00e0 l\u2019autre mais il n\u2019avait jamais d\u00e9pass\u00e9 les 70 % auparavant, remarque en tout cas Bruno Deville. Troisi\u00e8me temps, enfin, des 25 ans du r\u00e9seau qu\u2019il pr\u00e9side : une soir\u00e9e \u00e0 l\u2019Arena \u00e0 Saint-Chamond avec devant 500 invit\u00e9s un show de motivation sign\u00e9 Jean-Pierre Nadir, entrepreneur m\u00e9diatique et fondateur \u2013 entre autres \u2013 d\u2019Easyvoyage.com\u00a0:<\/p>\n<p>\u00ab\u00a0Ce type de Master classe permet de transmettre de l\u2019\u00e9nergie positive, synth\u00e9tisait celui-ci devant la presse locale quelques heures plus t\u00f4t. On a du mal \u00e0 partager les doutes, le labeur et le chef d\u2019entreprise se retrouve souvent bien seuls face \u00e0 \u00e7a. Aussi, c\u2019est un message d\u2019espoir que d\u2019\u00e9changer l\u00e0-dessus, les difficult\u00e9s, \u00e0 partir d\u2019exp\u00e9riences r\u00e9elles. Les obstacles, les \u00e9checs font partie de la prise de risque et \u00e7a n\u2019a rien d\u2019infamant. \u00ab\u00a0Quand tu veux, tu peux\u00a0\u00bb\u00a0: je n\u2019aime pas cette phrase. On peut en vouloir et ne pas pouvoir pour plein de raisons, certes qu\u2019il faut essayer de surmonter. Mais la r\u00e9alit\u00e9 est l\u00e0. L\u2019esprit start-up a tendance \u00e0 gommer cette r\u00e9alit\u00e9 mais non, il ne suffit pas d\u2019avoir une excellente id\u00e9e\u00a0!\u00a0En revanche, je le dis quitte \u00e0 ce que \u00e7a provoque, la France est, en l\u2019\u00e9tat actuel, le meilleur pays au monde pour se lancer. Il y a des dispositifs de financements, \u00e0 commencer par France Travail, et des r\u00e9seaux d\u2019entraide de partout\u00a0! \u00bb \u00a0<\/p>\n<p>Le R\u00e9seau Entreprendre <a href=\"https:\/\/www.reseau-entreprendre.org\/loire\/\" target=\"_blank\" rel=\"noreferrer noopener\">Loire<\/a> par exemple qui, sans le garantir, esp\u00e8re bien, \u00e0 terme, rendre annuelle cette \u00ab\u00a0Journ\u00e9e d\u00e9di\u00e9e \u00e0 la reprise\u00a0\u00bb.<\/p>\n<p><strong>*5 projets qui ont \u00e9t\u00e9 pr\u00e9sent\u00e9s lors du premier Loire Booster Camp\u00a0: Axiadis, Benary Solutions, Pototam, Sfi et Shine. Le 6\u00b0 projet ne souhaite pas \u00eatre cit\u00e9 par souci de \u00ab\u00a0confidentialit\u00e9\u00a0\u00bb.<\/strong><\/p>\n","protected":false},"excerpt":{"rendered":"L\u2019entit\u00e9 Loire du R\u00e9seau Entreprendre a souhait\u00e9 f\u00eater ses 25 ans en insistant sur la reprise d\u2019entreprises. Une&hellip;\n","protected":false},"author":2,"featured_media":464523,"comment_status":"","ping_status":"","sticky":false,"template":"","format":"standard","meta":{"footnotes":""},"categories":[9653],"tags":[11359,1111,11,2430,18538,58860,39524,58861,1777,674,1011,27,12,26064,25,31294,58862,58863,4001],"class_list":{"0":"post-464522","1":"post","2":"type-post","3":"status-publish","4":"format-standard","5":"has-post-thumbnail","7":"category-saint-etienne","8":"tag-actif","9":"tag-actu","10":"tag-actualites","11":"tag-auvergne-rhone-alpes","12":"tag-chefs-dentreprise-loire","13":"tag-entreprendre-loire","14":"tag-entrepreunariat","15":"tag-entrepreuneriat","16":"tag-eu","17":"tag-europe","18":"tag-fr","19":"tag-france","20":"tag-news","21":"tag-reprise-dentreprise","22":"tag-republique-francaise","23":"tag-reseau-dentreprises","24":"tag-reseau-entreprendre-loire","25":"tag-reseau-entrepreneurs","26":"tag-saint-etienne"},"share_on_mastodon":{"url":"https:\/\/pubeurope.com\/@fr\/115377395859466004","error":""},"_links":{"self":[{"href":"https:\/\/www.europesays.com\/fr\/wp-json\/wp\/v2\/posts\/464522","targetHints":{"allow":["GET"]}}],"collection":[{"href":"https:\/\/www.europesays.com\/fr\/wp-json\/wp\/v2\/posts"}],"about":[{"href":"https:\/\/www.europesays.com\/fr\/wp-json\/wp\/v2\/types\/post"}],"author":[{"embeddable":true,"href":"https:\/\/www.europesays.com\/fr\/wp-json\/wp\/v2\/users\/2"}],"replies":[{"embeddable":true,"href":"https:\/\/www.europesays.com\/fr\/wp-json\/wp\/v2\/comments?post=464522"}],"version-history":[{"count":0,"href":"https:\/\/www.europesays.com\/fr\/wp-json\/wp\/v2\/posts\/464522\/revisions"}],"wp:featuredmedia":[{"embeddable":true,"href":"https:\/\/www.europesays.com\/fr\/wp-json\/wp\/v2\/media\/464523"}],"wp:attachment":[{"href":"https:\/\/www.europesays.com\/fr\/wp-json\/wp\/v2\/media?parent=464522"}],"wp:term":[{"taxonomy":"category","embeddable":true,"href":"https:\/\/www.europesays.com\/fr\/wp-json\/wp\/v2\/categories?post=464522"},{"taxonomy":"post_tag","embeddable":true,"href":"https:\/\/www.europesays.com\/fr\/wp-json\/wp\/v2\/tags?post=464522"}],"curies":[{"name":"wp","href":"https:\/\/api.w.org\/{rel}","templated":true}]}}