{"id":464524,"date":"2025-10-15T09:08:24","date_gmt":"2025-10-15T09:08:24","guid":{"rendered":"https:\/\/www.europesays.com\/fr\/464524\/"},"modified":"2025-10-15T09:08:24","modified_gmt":"2025-10-15T09:08:24","slug":"saint-etienne-ce-centre-de-loisirs-ferme-avant-les-vacances-la-mairie-sagace","status":"publish","type":"post","link":"https:\/\/www.europesays.com\/fr\/464524\/","title":{"rendered":"Saint-\u00c9tienne. Ce centre de loisirs ferme avant les vacances, la mairie s&rsquo;agace"},"content":{"rendered":"<p>            Par<br \/>\n        <strong><br \/>\n            <a href=\"https:\/\/actu.fr\/auteur\/mathias-souteyrat\" title=\"Consulter tous les articles de Mathias Souteyrat\" target=\"_blank\" rel=\"noopener\">Mathias Souteyrat<\/a><br \/>\n        <\/strong><\/p>\n<p>        Publi\u00e9 le<\/p>\n<p>            15 oct. 2025 \u00e0 10h29        <\/p>\n<p>Les salari\u00e9s du centre social de l\u2019Arlequin, dans le quartier de Terrenoire \u00e0 <a href=\"https:\/\/actu.fr\/saint-etienne\/\" target=\"_blank\" rel=\"noopener\">Saint-Etienne<\/a>, n\u2019ouvrent pas le centre de loisirs, ces vacances de la Toussaint, du 20 au 31\u00a0octobre. Au grand dam de la mairie.<\/p>\n<p class=\" wall-content\">\u00ab\u2009Quelles que soient les difficult\u00e9s de gouvernance et la complexit\u00e9 des probl\u00e8mes rencontr\u00e9s au sein de cette structure sociale g\u00e9r\u00e9e en association depuis quelques semaines, il est regrettable que cela se produise \u00e0 seulement trois jours des prochaines vacances, mettant devant le fait accompli de nombreuses familles terran\u00e9ennes, notamment celles qui travaillent et qui comptaient, pour leurs enfants, sur le centre de loisirs L\u2019Arlequin\u2009\u00bb, d\u00e9plore Siham Labich, adjointe au maire charg\u00e9e de l\u2019\u00e9ducation populaire, de la politique de la ville, de l\u2019ANRU, de la La\u00efcit\u00e9.<\/p>\n<p>D\u2019autres centres sociaux prennent le relais<\/p>\n<p class=\" wall-content\">La ville de Saint-Etienne a souhait\u00e9 tr\u00e8s vite apporter une solution alternative aux familles, en contactant imm\u00e9diatement les structures de quartier les plus proches de Terrenoire, afin de conna\u00eetre les possibilit\u00e9s et les disponibilit\u00e9s en termes de places.<\/p>\n<p class=\" wall-content\">Le centre social de <strong>Monthieu<\/strong>, le <strong>FJEP<\/strong> (Foyer Jeunes Education Populaire) de la <strong>M\u00e9tare<\/strong>, le centre social <strong>Alfred Sisley<\/strong>\u00a0et Les <strong>Francas<\/strong> (Beaulieu) ont r\u00e9pondu favorablement pour que puissent \u00eatre accueillis tous les enfants concern\u00e9s.<\/p>\n<p class=\" wall-content\">Une trentaine d\u2019enfants, qui devaient fr\u00e9quenter le centre de loisirs l\u2019Arlequin durant ces vacances scolaires d\u2019octobre, sont concern\u00e9s.<\/p>\n<blockquote class=\"ac-article-quote wall-content\">\n<p>C\u2019est un soulagement pour les familles. Ces derni\u00e8res n\u2019ont pas \u00e0 subir les dysfonctionnements internes du centre social l\u2019Arlequin, structure au service de la vie du quartier et de ses habitants.\n<\/p>\n<p>    <strong>Siham Labich<\/strong><br \/>\n        Adjointe au maire charg\u00e9e de l\u2019\u00e9ducation populaire, de la politique de la ville, de l\u2019ANRU, de la La\u00efcit\u00e9    <\/p><\/blockquote>\n<p>Le budget du centre social l\u2019Arlequin est de 650\u2009000\u00a0euros<\/p>\n<p class=\" wall-content\">Le budget du centre social l\u2019Arlequin est de 650\u2009000 euros, b\u00e9n\u00e9ficiant des subventions des institutions (\u00c9tat, Ville de Saint-Etienne, CAF, Conseil d\u00e9partemental de la Loire), dont la ville de Saint-Etienne \u00e0 hauteur de 155\u2009000 euros annuellement de fonctionnement.<\/p>\n<p>Votre r\u00e9gion, votre actu !<\/p>\n<p>Recevez chaque jour les infos qui comptent pour vous.<\/p>\n<p>\t<a href=\"https:\/\/actu.fr\/newsletter\" class=\"ac-btn ac-btn--corner ac-btn--medium ac-btn--blue800\" target=\"_blank\" rel=\"noopener\">S&rsquo;incrire<\/a><\/p>\n<p class=\" wall-content\">La municipalit\u00e9 met \u00e0 disposition la maison du bourg et a r\u00e9alis\u00e9 200\u2009000\u00a0euros de travaux r\u00e9alis\u00e9s cet \u00e9t\u00e9, \u00ab\u2009pour r\u00e9pondre aux exigences d\u2019accueillir les enfants des familles, dont celles qui travaillent durant les vacances scolaires\u2009\u00bb, note l\u2019\u00e9lu.<\/p>\n<p>Pour toute demande d\u2019information pratique, les familles concern\u00e9es peuvent contacter la ville de Saint-Etienne au\u2009: 04\u200977\u200948\u200966\u200922 ou adresser un mail \u00e0\u2009: <a href=\"https:\/\/actu.fr\/cdn-cgi\/l\/email-protection\" class=\"__cf_email__\" data-cfemail=\"2045505056605341494e540d655449454e4e450e4652\" target=\"_blank\" rel=\"noopener\">[email\u00a0protected]<\/a> pour avoir une r\u00e9ponse ou \u00eatre rappel\u00e9es.<\/p>\n<p class=\" wall-content\">Personnalisez votre actualit\u00e9 en ajoutant vos villes et m\u00e9dias en favori avec <a href=\"https:\/\/moncompte.actu.fr\" title=\"D\u00e9couvez Mon Actu\" rel=\"nofollow noopener\" data-trk=\"{&quot;cta&quot;:{&quot;action&quot;:&quot;https:\\\/\\\/moncompte.actu.fr&quot;,&quot;category&quot;:&quot;mon compte&quot;,&quot;from&quot;:&quot;article footer&quot;,&quot;name&quot;:&quot;Mon actu&quot;,&quot;type&quot;:&quot;cta&quot;}}\" target=\"_blank\">Mon Actu<\/a>.<\/p>\n","protected":false},"excerpt":{"rendered":"Par Mathias Souteyrat Publi\u00e9 le 15 oct. 2025 \u00e0 10h29 Les salari\u00e9s du centre social de l\u2019Arlequin, dans&hellip;\n","protected":false},"author":2,"featured_media":464525,"comment_status":"","ping_status":"","sticky":false,"template":"","format":"standard","meta":{"footnotes":""},"categories":[9653],"tags":[1111,11,2430,1719,1777,674,1011,27,12,25,4001,104,3176],"class_list":{"0":"post-464524","1":"post","2":"type-post","3":"status-publish","4":"format-standard","5":"has-post-thumbnail","7":"category-saint-etienne","8":"tag-actu","9":"tag-actualites","10":"tag-auvergne-rhone-alpes","11":"tag-enfants","12":"tag-eu","13":"tag-europe","14":"tag-fr","15":"tag-france","16":"tag-news","17":"tag-republique-francaise","18":"tag-saint-etienne","19":"tag-societe","20":"tag-vacances-scolaires"},"share_on_mastodon":{"url":"https:\/\/pubeurope.com\/@fr\/115377399813543883","error":""},"_links":{"self":[{"href":"https:\/\/www.europesays.com\/fr\/wp-json\/wp\/v2\/posts\/464524","targetHints":{"allow":["GET"]}}],"collection":[{"href":"https:\/\/www.europesays.com\/fr\/wp-json\/wp\/v2\/posts"}],"about":[{"href":"https:\/\/www.europesays.com\/fr\/wp-json\/wp\/v2\/types\/post"}],"author":[{"embeddable":true,"href":"https:\/\/www.europesays.com\/fr\/wp-json\/wp\/v2\/users\/2"}],"replies":[{"embeddable":true,"href":"https:\/\/www.europesays.com\/fr\/wp-json\/wp\/v2\/comments?post=464524"}],"version-history":[{"count":0,"href":"https:\/\/www.europesays.com\/fr\/wp-json\/wp\/v2\/posts\/464524\/revisions"}],"wp:featuredmedia":[{"embeddable":true,"href":"https:\/\/www.europesays.com\/fr\/wp-json\/wp\/v2\/media\/464525"}],"wp:attachment":[{"href":"https:\/\/www.europesays.com\/fr\/wp-json\/wp\/v2\/media?parent=464524"}],"wp:term":[{"taxonomy":"category","embeddable":true,"href":"https:\/\/www.europesays.com\/fr\/wp-json\/wp\/v2\/categories?post=464524"},{"taxonomy":"post_tag","embeddable":true,"href":"https:\/\/www.europesays.com\/fr\/wp-json\/wp\/v2\/tags?post=464524"}],"curies":[{"name":"wp","href":"https:\/\/api.w.org\/{rel}","templated":true}]}}