{"id":464542,"date":"2025-10-15T09:18:11","date_gmt":"2025-10-15T09:18:11","guid":{"rendered":"https:\/\/www.europesays.com\/fr\/464542\/"},"modified":"2025-10-15T09:18:11","modified_gmt":"2025-10-15T09:18:11","slug":"municipales-a-grenoble-candidat-sur-la-liste-de-laurence-ruffin-alan-confesson-suspendu-de-la-france-insoumise","status":"publish","type":"post","link":"https:\/\/www.europesays.com\/fr\/464542\/","title":{"rendered":"Municipales \u00e0 Grenoble. Candidat sur la liste de Laurence Ruffin, Alan Confesson suspendu de La France insoumise"},"content":{"rendered":"<p>Il s\u2019attendait \u00e0 une exclusion de La France insoumise. C\u2019est finalement une suspension \u201cau moins jusqu\u2019\u00e0 la fin des \u00e9lections municipales de 2026\u201d qui a \u00e9t\u00e9 d\u00e9cid\u00e9e par le comit\u00e9 de respect des principes du parti \u00e0 l\u2019encontre d\u2019Alan Confesson. \u00ab\u00a0Je n\u2019ai bien \u00e9videmment pas \u00e9t\u00e9 contact\u00e9 auparavant, un simple mail aura suffi\u2026\u00a0\u00bb, a r\u00e9agi l\u2019adjoint au maire ce mardi soir \u00e0 l\u2019annonce de cette d\u00e9cision.<\/p>\n<p>L\u2019\u00e9lu a annonc\u00e9 ce lundi qu\u2019il figurerait sur la liste du rassemblement des gauches, des \u00e9cologistes et des citoyens emmen\u00e9e par <a href=\"https:\/\/www.ledauphine.com\/p\/laurence-ruffin\" target=\"_blank\" rel=\"noopener\">Laurence Ruffin<\/a>. Une d\u00e9cision <a href=\"https:\/\/www.ledauphine.com\/elections\/2025\/10\/13\/isere-grenoble-municipales-2026-alan-confesson-(lfi)-rejoint-la-liste-de-laurence-ruffin-l-omerta-est-tres-forte-a-l-interieur-de-lfi\" target=\"_blank\" rel=\"noopener\">\u00ab\u00a0difficile \u00e0 prendre\u00a0\u00bb<\/a> , alors que son parti a pr\u00e9sent\u00e9, le 20\u00a0septembre dernier, une liste autonome emmen\u00e9e par Allan Brunon, rompant ainsi l\u2019accord qui liait LFI aux \u00e9cologistes depuis 2014.<\/p>\n<p>Un choix qu\u2019il a largement critiqu\u00e9\u00a0: \u00ab\u00a0LFI a confi\u00e9 la t\u00eate de liste \u00e0 quelqu\u2019un qui n\u2019est pas de Grenoble, qui ne conna\u00eet pas notre ville, dont personne ne peut penser s\u00e9rieusement qu\u2019il peut \u00eatre maire et qui se d\u00e9sint\u00e9resse totalement des dossiers locaux. Il a d\u2019autres ambitions en t\u00eate. LFI s\u2019appr\u00eate \u00e0 mener une campagne dans une logique purement identitaire et sectaire, avec un seul but, totalement d\u00e9corr\u00e9l\u00e9 de Grenoble\u00a0: renforcer les groupes d\u2019action en vue de la pr\u00e9sidentielle. Tout, en tout temps, en tout lieu, doit \u00eatre mis au service de l\u2019ambition pr\u00e9sidentielle de <a href=\"https:\/\/www.ledauphine.com\/p\/jean-luc-melenchon\" target=\"_blank\" rel=\"noopener\">Jean-Luc M\u00e9lenchon<\/a>\u00a0\u00bb.<\/p>\n","protected":false},"excerpt":{"rendered":"Il s\u2019attendait \u00e0 une exclusion de La France insoumise. C\u2019est finalement une suspension \u201cau moins jusqu\u2019\u00e0 la fin&hellip;\n","protected":false},"author":2,"featured_media":464543,"comment_status":"","ping_status":"","sticky":false,"template":"","format":"standard","meta":{"footnotes":""},"categories":[9566],"tags":[1111,11,2430,112,4188,1777,674,107,1011,27,2731,2732,108,2338,12,316,25],"class_list":{"0":"post-464542","1":"post","2":"type-post","3":"status-publish","4":"format-standard","5":"has-post-thumbnail","7":"category-grenoble","8":"tag-actu","9":"tag-actualites","10":"tag-auvergne-rhone-alpes","11":"tag-edition-grenoble-agglomeration","12":"tag-elections-municipales","13":"tag-eu","14":"tag-europe","15":"tag-fil-info","16":"tag-fr","17":"tag-france","18":"tag-grenoble","19":"tag-grenoble-bassin","20":"tag-isere","21":"tag-la-france-insoumise","22":"tag-news","23":"tag-politique","24":"tag-republique-francaise"},"share_on_mastodon":{"url":"https:\/\/pubeurope.com\/@fr\/115377439003313621","error":""},"_links":{"self":[{"href":"https:\/\/www.europesays.com\/fr\/wp-json\/wp\/v2\/posts\/464542","targetHints":{"allow":["GET"]}}],"collection":[{"href":"https:\/\/www.europesays.com\/fr\/wp-json\/wp\/v2\/posts"}],"about":[{"href":"https:\/\/www.europesays.com\/fr\/wp-json\/wp\/v2\/types\/post"}],"author":[{"embeddable":true,"href":"https:\/\/www.europesays.com\/fr\/wp-json\/wp\/v2\/users\/2"}],"replies":[{"embeddable":true,"href":"https:\/\/www.europesays.com\/fr\/wp-json\/wp\/v2\/comments?post=464542"}],"version-history":[{"count":0,"href":"https:\/\/www.europesays.com\/fr\/wp-json\/wp\/v2\/posts\/464542\/revisions"}],"wp:featuredmedia":[{"embeddable":true,"href":"https:\/\/www.europesays.com\/fr\/wp-json\/wp\/v2\/media\/464543"}],"wp:attachment":[{"href":"https:\/\/www.europesays.com\/fr\/wp-json\/wp\/v2\/media?parent=464542"}],"wp:term":[{"taxonomy":"category","embeddable":true,"href":"https:\/\/www.europesays.com\/fr\/wp-json\/wp\/v2\/categories?post=464542"},{"taxonomy":"post_tag","embeddable":true,"href":"https:\/\/www.europesays.com\/fr\/wp-json\/wp\/v2\/tags?post=464542"}],"curies":[{"name":"wp","href":"https:\/\/api.w.org\/{rel}","templated":true}]}}