{"id":464552,"date":"2025-10-15T09:23:11","date_gmt":"2025-10-15T09:23:11","guid":{"rendered":"https:\/\/www.europesays.com\/fr\/464552\/"},"modified":"2025-10-15T09:23:11","modified_gmt":"2025-10-15T09:23:11","slug":"un-nouvel-amphitheatre-high-tech-et-durable-au-campus-saint-jean-dangely","status":"publish","type":"post","link":"https:\/\/www.europesays.com\/fr\/464552\/","title":{"rendered":"Un nouvel amphith\u00e9\u00e2tre high-tech et durable au campus Saint-Jean d\u2019Ang\u00e9ly"},"content":{"rendered":"<p>                    <img loading=\"lazy\" decoding=\"async\" src=\"https:\/\/www.europesays.com\/fr\/wp-content\/uploads\/2025\/10\/d9b2b690f025de7458c75257a72ec3.png\" class=\"img-responsive post-image\" width=\"680\" height=\"510\" alt=\"Un nouvel amphith\u00e9\u00e2tre\" title=\"Un nouvel amphith\u00e9\u00e2tre high-tech et durable au campus Saint-Jean d'Ang\u00e9ly\"\/><\/p>\n<p class=\"chapo\">Universit\u00e9 C\u00f4te d\u2019Azur poursuit la modernisation de ses infrastructures avec l\u2019inauguration de l\u2019Amphith\u00e9\u00e2tre 0, un espace repens\u00e9 pour l\u2019apprentissage collaboratif et l\u2019innovation p\u00e9dagogique.<\/p>\n<p>Lundi 6 octobre, Universit\u00e9 C\u00f4te d\u2019Azur a inaugur\u00e9 son tout nouvel Amphith\u00e9\u00e2tre 0 sur le campus Saint-Jean d\u2019Ang\u00e9ly \u00e0 Nice, en pr\u00e9sence de son pr\u00e9sident,<strong> Jeanick Brisswalter,<\/strong> et des entreprises partenaires ayant contribu\u00e9 \u00e0 sa r\u00e9alisation gr\u00e2ce au versement de la taxe d\u2019apprentissage.<\/p>\n<p>Un espace repens\u00e9 pour la vie universitaire<\/p>\n<p>Tr\u00e8s fr\u00e9quent\u00e9 par les \u00e9tudiants en \u00e9conomie et management, le campus Saint-Jean d\u2019Ang\u00e9ly avait besoin d\u2019un espace suppl\u00e9mentaire pour accueillir cours magistraux, conf\u00e9rences et \u00e9v\u00e9nements.<br class=\"autobr\"\/><br \/>\nL\u2019ancien acc\u00e8s au parvis, ferm\u00e9 depuis 2018 pour raisons de s\u00e9curit\u00e9, a \u00e9t\u00e9 enti\u00e8rement transform\u00e9 en un amphith\u00e9\u00e2tre moderne de 94 places, lumineux et accessible, en parfaite harmonie avec l\u2019architecture du site.<\/p>\n<p>Confort, technologie et durabilit\u00e9<\/p>\n<p>Pens\u00e9 pour favoriser la proximit\u00e9 entre enseignants et \u00e9tudiants, l\u2019Amphi 0 se distingue par son \u00e9quipement technologique dernier cri\u00a0: grand \u00e9cran de projection connect\u00e9 en USB-C, syst\u00e8me audio performant, si\u00e8ges ergonomiques et prises individuelles.<br class=\"autobr\"\/><br \/>\n<strong>Le confort n\u2019exclut pas la durabilit\u00e9\u00a0:<\/strong> ventilation naturelle nocturne, mat\u00e9riaux certifi\u00e9s Cradle to Cradle Silver et gestion optimis\u00e9e de l\u2019\u00e9nergie t\u00e9moignent d\u2019une conception respectueuse de l\u2019environnement.<\/p>\n<p>\u00ab\u00a0Avec l\u2019Amphi 0, nous poursuivons notre engagement \u00e0 offrir \u00e0 nos \u00e9tudiants et enseignants des conditions d\u2019apprentissage modernes, confortables et durables. Ce projet illustre parfaitement comment la taxe d\u2019apprentissage se transforme en r\u00e9alisations concr\u00e8tes au service de la r\u00e9ussite universitaire\u00a0\u00bb, a soulign\u00e9 Jeanick Brisswalter, pr\u00e9sident d\u2019Universit\u00e9 C\u00f4te d\u2019Azur.<\/p>\n<p><strong>Une r\u00e9alisation collective<\/strong><\/p>\n<p>D\u2019un co\u00fbt total de 939 019,31 \u20ac, le projet a \u00e9t\u00e9 financ\u00e9 \u00e0 hauteur de 400 000 \u20ac par la dotation de l\u2019\u00e9tablissement, le reste provenant des ressources propres de l\u2019EUR \u00c9conomie et Management.<br class=\"autobr\"\/><br \/>\nLa r\u00e9ussite du chantier doit beaucoup \u00e0 la mobilisation d\u2019entreprises locales\u00a0: Silvera, SNEF, Clibat Am\u00e9nagement, De Angelis Bat-Ir, Veralu Sem, Ineo Provence et C\u00f4te d\u2019Azur, Merat \u00c9tablissement, Axians, PCA Sud Est, MDA, APAVE, et le Cabinet d\u2019Architecture Jean-Paul Gomis.<\/p>\n<p>Une universit\u00e9 tourn\u00e9e vers l\u2019avenir<\/p>\n<p>Universit\u00e9 C\u00f4te d\u2019Azur, labellis\u00e9e \u00ab\u00a0IdEx\u00a0\u00bb et membre fondatrice de l\u2019alliance europ\u00e9enne Ulysseus, poursuit ainsi sa strat\u00e9gie de modernisation et d\u2019innovation p\u00e9dagogique, au service de la formation et de la recherche. Avec ce nouvel \u00e9quipement, le campus Saint-Jean d\u2019Ang\u00e9ly confirme son r\u00f4le de p\u00f4le universitaire dynamique, \u00e0 la crois\u00e9e de la vie \u00e9tudiante, de l\u2019innovation et du d\u00e9veloppement durable<\/p>\n<p>Visuel de Une\u00a0: Jeanick Brisswalter, Pr\u00e9sident d\u2019Universit\u00e9 C\u00f4te d\u2019Azur d\u00e9coupant le ruban, entour\u00e9 des \u00e9quipes qui ont travaill\u00e9 sur le projet \u00a9Universit\u00e9 C\u00f4te d\u2019Azur<\/p>\n","protected":false},"excerpt":{"rendered":"Universit\u00e9 C\u00f4te d\u2019Azur poursuit la modernisation de ses infrastructures avec l\u2019inauguration de l\u2019Amphith\u00e9\u00e2tre 0, un espace repens\u00e9 pour&hellip;\n","protected":false},"author":2,"featured_media":464553,"comment_status":"","ping_status":"","sticky":false,"template":"","format":"standard","meta":{"footnotes":""},"categories":[2819],"tags":[1111,11,2408,1777,674,1011,27,12,2401,882,25],"class_list":{"0":"post-464552","1":"post","2":"type-post","3":"status-publish","4":"format-standard","5":"has-post-thumbnail","7":"category-nice","8":"tag-actu","9":"tag-actualites","10":"tag-appels-d","11":"tag-eu","12":"tag-europe","13":"tag-fr","14":"tag-france","15":"tag-news","16":"tag-nice","17":"tag-provence-alpes-cote-dazur","18":"tag-republique-francaise"},"share_on_mastodon":{"url":"https:\/\/pubeurope.com\/@fr\/115377458813270476","error":""},"_links":{"self":[{"href":"https:\/\/www.europesays.com\/fr\/wp-json\/wp\/v2\/posts\/464552","targetHints":{"allow":["GET"]}}],"collection":[{"href":"https:\/\/www.europesays.com\/fr\/wp-json\/wp\/v2\/posts"}],"about":[{"href":"https:\/\/www.europesays.com\/fr\/wp-json\/wp\/v2\/types\/post"}],"author":[{"embeddable":true,"href":"https:\/\/www.europesays.com\/fr\/wp-json\/wp\/v2\/users\/2"}],"replies":[{"embeddable":true,"href":"https:\/\/www.europesays.com\/fr\/wp-json\/wp\/v2\/comments?post=464552"}],"version-history":[{"count":0,"href":"https:\/\/www.europesays.com\/fr\/wp-json\/wp\/v2\/posts\/464552\/revisions"}],"wp:featuredmedia":[{"embeddable":true,"href":"https:\/\/www.europesays.com\/fr\/wp-json\/wp\/v2\/media\/464553"}],"wp:attachment":[{"href":"https:\/\/www.europesays.com\/fr\/wp-json\/wp\/v2\/media?parent=464552"}],"wp:term":[{"taxonomy":"category","embeddable":true,"href":"https:\/\/www.europesays.com\/fr\/wp-json\/wp\/v2\/categories?post=464552"},{"taxonomy":"post_tag","embeddable":true,"href":"https:\/\/www.europesays.com\/fr\/wp-json\/wp\/v2\/tags?post=464552"}],"curies":[{"name":"wp","href":"https:\/\/api.w.org\/{rel}","templated":true}]}}