{"id":464557,"date":"2025-10-15T09:26:19","date_gmt":"2025-10-15T09:26:19","guid":{"rendered":"https:\/\/www.europesays.com\/fr\/464557\/"},"modified":"2025-10-15T09:26:19","modified_gmt":"2025-10-15T09:26:19","slug":"des-marionnettes-xxl-debarquent-a-nantes-pour-halloween-big-city-nantes","status":"publish","type":"post","link":"https:\/\/www.europesays.com\/fr\/464557\/","title":{"rendered":"Des marionnettes XXL d\u00e9barquent \u00e0 Nantes pour Halloween ! \u2013 Big City Nantes"},"content":{"rendered":"<p>15 octobre 2025<\/p>\n<p>\u00b7 Article sponsoris\u00e9<\/p>\n<p><img fetchpriority=\"high\" width=\"527\" height=\"264\" src=\"https:\/\/www.europesays.com\/fr\/wp-content\/uploads\/2025\/10\/Photos-a-la-une-site-Big-City-62-527x264.jpg\" class=\"attachment-csco-thumbnail-uncropped size-csco-thumbnail-uncropped wp-post-image\" alt=\"SANTA MUERTE de la Compagnie Plan\u00e8te Vapeur\" decoding=\"async\"  \/>\t<img loading=\"lazy\" width=\"1044\" height=\"522\" src=\"https:\/\/www.europesays.com\/fr\/wp-content\/uploads\/2025\/10\/Photos-a-la-une-site-Big-City-62-1044x522.jpg\" class=\"attachment-csco-large-uncropped size-csco-large-uncropped wp-post-image\" alt=\"SANTA MUERTE de la Compagnie Plan\u00e8te Vapeur\" decoding=\"async\"  \/>\t<\/p>\n<p>\nCr\u00e9dit : Compagnie Plan\u00e8te Vapeur\t<\/p>\n<p><strong>Mercredi 29 octobre de 16h30 \u00e0 18h<\/strong>, l\u2019association des commer\u00e7ants <strong>Plein Centre <\/strong>organise <strong>une parade XXL<\/strong> de danseurs et squelettes g\u00e9ants dans les rues de Nantes. <strong>Le spectacle SANTA MUERTE de la compagnie Plan\u00e8te Vapeur<\/strong> va d\u00e9filer entre la rue Voltaire et la place du Commerce. Inspir\u00e9 des traditions mexicaines, cette d\u00e9ambulation festive et color\u00e9e va vous envo\u00fbter pour Halloween. Big City Nantes te donne tous les infos sur cet \u00e9v\u00e9nement \u00e0 ne pas manquer !<\/p>\n<p>Une parade g\u00e9ante d\u00e9barque \u00e0 Nantes le mercredi\u00a029 octobre 2025 pour Halloween<br \/>\n<img loading=\"lazy\" decoding=\"async\" width=\"1160\" height=\"580\" src=\"https:\/\/www.europesays.com\/fr\/wp-content\/uploads\/2025\/10\/Photos-a-la-une-site-Big-City-63-1160x580.jpg\" alt=\"&quot;SANTA MUERTE&quot; BY PLAN\u00c8TE VAPEUR\" class=\"wp-image-122206\"  \/>Cr\u00e9dit : \u00ab\u00a0SANTA MUERTE\u00a0\u00bb BY PLAN\u00c8TE VAPEUR \u2014 \u00ab\u00a0SANTA MUERTE\u00a0\u00bb BY PLAN\u00c8TE VAPEUR<\/p>\n<p><strong>Le mercredi 29 octobre 2025,<\/strong> la Compagnie Plan\u00e8te Vapeur arrive en force avec le spectacle Santa Muerte. <\/p>\n<p>Inspir\u00e9e des traditions mexicaines autour de la figure mythique de la Mort, la parade m\u00e9lange folklore ancestral et univers contemporain. Au programme : des danseuses virevoltantes, des squelettes articul\u00e9s et color\u00e9s, et des sonorit\u00e9s \u00e9lectro surprenantes. \u00c7a s\u2019annonce fou !<\/p>\n<p>Le petit plus pour les familles<br \/>\n<img loading=\"lazy\" decoding=\"async\" width=\"1160\" height=\"580\" src=\"https:\/\/www.europesays.com\/fr\/wp-content\/uploads\/2025\/10\/Photos-a-la-une-site-Big-City-64-1160x580.jpg\" alt=\"Maquillage d'Halloween\" class=\"wp-image-122519\"  \/>Cr\u00e9dit : visuel canva \u2014 Maquillage d\u2019Halloween<\/p>\n<p>Le ptit + ? Avant le d\u00e9but du spectacle, les enfants pourront plonger dans l\u2019ambiance gr\u00e2ce \u00e0 des stands de maquillage gratuits ! (de 14h \u00e0 16h \u2013 Place F\u00e9lix Fournier et rue Voltaire). Sorciers, monstres ou petits fant\u00f4mes\u2026 \u00e0 chacun sa transformation pour une f\u00eate d\u2019 Halloween pleine de fun et de frissons !<\/p>\n<p>Maintenant tu sais quoi faire de ton <strong>mercredi 29 octobre<\/strong>\u00a0!\u00a0Que tu viennes avec ta famille ou avec tes potes, ce moment ne pourra \u00eatre que magique. C\u2019est aussi l\u2019occasion de profiter des commerces du centre-ville pour une session emplettes avant un d\u00e9part direction Halloween !<\/p>\n","protected":false},"excerpt":{"rendered":"15 octobre 2025 \u00b7 Article sponsoris\u00e9 Cr\u00e9dit : Compagnie Plan\u00e8te Vapeur Mercredi 29 octobre de 16h30 \u00e0 18h,&hellip;\n","protected":false},"author":2,"featured_media":464558,"comment_status":"","ping_status":"","sticky":false,"template":"","format":"standard","meta":{"footnotes":""},"categories":[2818],"tags":[1111,11,48554,1777,674,1011,27,766,12,2636,25],"class_list":{"0":"post-464557","1":"post","2":"type-post","3":"status-publish","4":"format-standard","5":"has-post-thumbnail","7":"category-nantes","8":"tag-actu","9":"tag-actualites","10":"tag-carrousel","11":"tag-eu","12":"tag-europe","13":"tag-fr","14":"tag-france","15":"tag-nantes","16":"tag-news","17":"tag-pays-de-la-loire","18":"tag-republique-francaise"},"share_on_mastodon":{"url":"https:\/\/pubeurope.com\/@fr\/115377471086990554","error":""},"_links":{"self":[{"href":"https:\/\/www.europesays.com\/fr\/wp-json\/wp\/v2\/posts\/464557","targetHints":{"allow":["GET"]}}],"collection":[{"href":"https:\/\/www.europesays.com\/fr\/wp-json\/wp\/v2\/posts"}],"about":[{"href":"https:\/\/www.europesays.com\/fr\/wp-json\/wp\/v2\/types\/post"}],"author":[{"embeddable":true,"href":"https:\/\/www.europesays.com\/fr\/wp-json\/wp\/v2\/users\/2"}],"replies":[{"embeddable":true,"href":"https:\/\/www.europesays.com\/fr\/wp-json\/wp\/v2\/comments?post=464557"}],"version-history":[{"count":0,"href":"https:\/\/www.europesays.com\/fr\/wp-json\/wp\/v2\/posts\/464557\/revisions"}],"wp:featuredmedia":[{"embeddable":true,"href":"https:\/\/www.europesays.com\/fr\/wp-json\/wp\/v2\/media\/464558"}],"wp:attachment":[{"href":"https:\/\/www.europesays.com\/fr\/wp-json\/wp\/v2\/media?parent=464557"}],"wp:term":[{"taxonomy":"category","embeddable":true,"href":"https:\/\/www.europesays.com\/fr\/wp-json\/wp\/v2\/categories?post=464557"},{"taxonomy":"post_tag","embeddable":true,"href":"https:\/\/www.europesays.com\/fr\/wp-json\/wp\/v2\/tags?post=464557"}],"curies":[{"name":"wp","href":"https:\/\/api.w.org\/{rel}","templated":true}]}}