{"id":464577,"date":"2025-10-15T09:36:20","date_gmt":"2025-10-15T09:36:20","guid":{"rendered":"https:\/\/www.europesays.com\/fr\/464577\/"},"modified":"2025-10-15T09:36:20","modified_gmt":"2025-10-15T09:36:20","slug":"lyon-le-square-lucie-aubrac-a-ete-inaugure-rue-bancel-dans-le-7e","status":"publish","type":"post","link":"https:\/\/www.europesays.com\/fr\/464577\/","title":{"rendered":"Lyon. Le square Lucie Aubrac a \u00e9t\u00e9 inaugur\u00e9 rue Bancel dans le 7e\u00a0"},"content":{"rendered":"<p>Lundi 13\u00a0octobre, le square Lucie Aubrac a \u00e9t\u00e9 inaugur\u00e9 dans le 7e\u00a0 arrondissement, \u00e0 l\u2019angle de la rue Bancel et de l\u2019avenue Berthelot.<\/p>\n<p>En pr\u00e9sence notamment des filles de la r\u00e9sistante contre le nazisme et militante pour la paix, Fanny Dubot, maire \u00e9cologiste de l\u2019arrondissement, lui a rendu un vibrant hommage.<\/p>\n<p>Ce square\u00a0a pris place sur un ancien parking. R\u00e9sultat d\u2019un travail de concertation men\u00e9 avec les habitants, les commer\u00e7ants et le Conseil de quartier Jean Mac\u00e9 &#8211; Lyon 7, l\u2019endroit est d\u00e9di\u00e9 aux enfants de moins de 3 ans.<\/p>\n","protected":false},"excerpt":{"rendered":"Lundi 13\u00a0octobre, le square Lucie Aubrac a \u00e9t\u00e9 inaugur\u00e9 dans le 7e\u00a0 arrondissement, \u00e0 l\u2019angle de la rue&hellip;\n","protected":false},"author":2,"featured_media":464578,"comment_status":"","ping_status":"","sticky":false,"template":"","format":"standard","meta":{"footnotes":""},"categories":[1889],"tags":[1111,11,2430,1984,2757,1057,1777,674,1011,27,2428,2756,12,316,25],"class_list":{"0":"post-464577","1":"post","2":"type-post","3":"status-publish","4":"format-standard","5":"has-post-thumbnail","7":"category-lyon","8":"tag-actu","9":"tag-actualites","10":"tag-auvergne-rhone-alpes","11":"tag-conseil-municipal","12":"tag-edition-lyon-villeurbanne","13":"tag-education","14":"tag-eu","15":"tag-europe","16":"tag-fr","17":"tag-france","18":"tag-lyon","19":"tag-lyon-bassin","20":"tag-news","21":"tag-politique","22":"tag-republique-francaise"},"share_on_mastodon":{"url":"https:\/\/pubeurope.com\/@fr\/115377509709321020","error":""},"_links":{"self":[{"href":"https:\/\/www.europesays.com\/fr\/wp-json\/wp\/v2\/posts\/464577","targetHints":{"allow":["GET"]}}],"collection":[{"href":"https:\/\/www.europesays.com\/fr\/wp-json\/wp\/v2\/posts"}],"about":[{"href":"https:\/\/www.europesays.com\/fr\/wp-json\/wp\/v2\/types\/post"}],"author":[{"embeddable":true,"href":"https:\/\/www.europesays.com\/fr\/wp-json\/wp\/v2\/users\/2"}],"replies":[{"embeddable":true,"href":"https:\/\/www.europesays.com\/fr\/wp-json\/wp\/v2\/comments?post=464577"}],"version-history":[{"count":0,"href":"https:\/\/www.europesays.com\/fr\/wp-json\/wp\/v2\/posts\/464577\/revisions"}],"wp:featuredmedia":[{"embeddable":true,"href":"https:\/\/www.europesays.com\/fr\/wp-json\/wp\/v2\/media\/464578"}],"wp:attachment":[{"href":"https:\/\/www.europesays.com\/fr\/wp-json\/wp\/v2\/media?parent=464577"}],"wp:term":[{"taxonomy":"category","embeddable":true,"href":"https:\/\/www.europesays.com\/fr\/wp-json\/wp\/v2\/categories?post=464577"},{"taxonomy":"post_tag","embeddable":true,"href":"https:\/\/www.europesays.com\/fr\/wp-json\/wp\/v2\/tags?post=464577"}],"curies":[{"name":"wp","href":"https:\/\/api.w.org\/{rel}","templated":true}]}}