{"id":464581,"date":"2025-10-15T09:39:10","date_gmt":"2025-10-15T09:39:10","guid":{"rendered":"https:\/\/www.europesays.com\/fr\/464581\/"},"modified":"2025-10-15T09:39:10","modified_gmt":"2025-10-15T09:39:10","slug":"incendie-en-cours-en-plein-coeur-du-cimetiere-montparnasse-le-secteur-est-a-eviter","status":"publish","type":"post","link":"https:\/\/www.europesays.com\/fr\/464581\/","title":{"rendered":"incendie en cours en plein c\u0153ur du cimeti\u00e8re Montparnasse, le secteur est \u00e0 \u00e9viter"},"content":{"rendered":"<p>            Par<br \/>\n        <strong><br \/>\n            <a href=\"https:\/\/actu.fr\/auteur\/redaction-paris\" title=\"Consulter tous les articles de R\u00e9daction Paris\" rel=\"nofollow noopener\" target=\"_blank\">R\u00e9daction Paris<\/a><br \/>\n        <\/strong><\/p>\n<p>        Publi\u00e9 le<\/p>\n<p>            15 oct. 2025 \u00e0 11h32        <\/p>\n<p>Plusieurs vid\u00e9os diffus\u00e9es sur les r\u00e9seaux sociaux montrent l\u2019\u00e9pais <strong>panache de fum\u00e9e<\/strong> qui commence d\u00e9j\u00e0 \u00e0 prendre de la hauteur. Ce mercredi 15 octobre 2025, un incendie est en cours au <a href=\"https:\/\/actu.fr\/ile-de-france\/paris_75056\/quand-le-cimetiere-du-montparnasse-a-paris-a-accueilli-son-premier-mort_43549398.html\" rel=\"nofollow noopener\" target=\"_blank\">cimeti\u00e8re Montparnasse<\/a>, dans le 14\u1d49 arrondissement de Paris, a appris\u00a0actu aupr\u00e8s d\u2019une agente du cimeti\u00e8re.<\/p>\n<p>Plus d\u2019informations \u00e0 venir<\/p>\n<p class=\" wall-content\">Le feu semble \u00eatre situ\u00e9 au milieu d\u2019une des all\u00e9es, mais peu d\u2019informations sont pour l\u2019instant disponibles. Des <strong>t\u00e9moins<\/strong> rapportent avoir entendu des explosions.\u00a0<\/p>\n<p class=\" wall-content\">\n<p class=\" wall-content\">\n<p class=\" wall-content\">Plus d\u2019informations \u00e0 venir\u2026\u00a0<\/p>\n<p class=\" wall-content\">Personnalisez votre actualit\u00e9 en ajoutant vos villes et m\u00e9dias en favori avec <a href=\"https:\/\/moncompte.actu.fr\" title=\"D\u00e9couvez Mon Actu\" rel=\"nofollow noopener\" data-trk=\"{&quot;cta&quot;:{&quot;action&quot;:&quot;https:\\\/\\\/moncompte.actu.fr&quot;,&quot;category&quot;:&quot;mon compte&quot;,&quot;from&quot;:&quot;article footer&quot;,&quot;name&quot;:&quot;Mon actu&quot;,&quot;type&quot;:&quot;cta&quot;}}\" target=\"_blank\">Mon Actu<\/a>.<\/p>\n","protected":false},"excerpt":{"rendered":"Par R\u00e9daction Paris Publi\u00e9 le 15 oct. 2025 \u00e0 11h32 Plusieurs vid\u00e9os diffus\u00e9es sur les r\u00e9seaux sociaux montrent&hellip;\n","protected":false},"author":2,"featured_media":153853,"comment_status":"","ping_status":"","sticky":false,"template":"","format":"standard","meta":{"footnotes":""},"categories":[1888],"tags":[1111,1928,11,1927,49029,1777,674,118,1011,27,1310,12,1926,626,1925,1311,25],"class_list":{"0":"post-464581","1":"post","2":"type-post","3":"status-publish","4":"format-standard","5":"has-post-thumbnail","7":"category-paris","8":"tag-actu","9":"tag-actu-paris","10":"tag-actualites","11":"tag-actualites-paris","12":"tag-cimetiere-du-montparnasse","13":"tag-eu","14":"tag-europe","15":"tag-faits-divers","16":"tag-fr","17":"tag-france","18":"tag-incendie","19":"tag-news","20":"tag-news-paris","21":"tag-paris","22":"tag-paris-news","23":"tag-pompiers","24":"tag-republique-francaise"},"share_on_mastodon":{"url":"https:\/\/pubeurope.com\/@fr\/115377521638932847","error":""},"_links":{"self":[{"href":"https:\/\/www.europesays.com\/fr\/wp-json\/wp\/v2\/posts\/464581","targetHints":{"allow":["GET"]}}],"collection":[{"href":"https:\/\/www.europesays.com\/fr\/wp-json\/wp\/v2\/posts"}],"about":[{"href":"https:\/\/www.europesays.com\/fr\/wp-json\/wp\/v2\/types\/post"}],"author":[{"embeddable":true,"href":"https:\/\/www.europesays.com\/fr\/wp-json\/wp\/v2\/users\/2"}],"replies":[{"embeddable":true,"href":"https:\/\/www.europesays.com\/fr\/wp-json\/wp\/v2\/comments?post=464581"}],"version-history":[{"count":0,"href":"https:\/\/www.europesays.com\/fr\/wp-json\/wp\/v2\/posts\/464581\/revisions"}],"wp:featuredmedia":[{"embeddable":true,"href":"https:\/\/www.europesays.com\/fr\/wp-json\/wp\/v2\/media\/153853"}],"wp:attachment":[{"href":"https:\/\/www.europesays.com\/fr\/wp-json\/wp\/v2\/media?parent=464581"}],"wp:term":[{"taxonomy":"category","embeddable":true,"href":"https:\/\/www.europesays.com\/fr\/wp-json\/wp\/v2\/categories?post=464581"},{"taxonomy":"post_tag","embeddable":true,"href":"https:\/\/www.europesays.com\/fr\/wp-json\/wp\/v2\/tags?post=464581"}],"curies":[{"name":"wp","href":"https:\/\/api.w.org\/{rel}","templated":true}]}}