{"id":464611,"date":"2025-10-15T09:56:11","date_gmt":"2025-10-15T09:56:11","guid":{"rendered":"https:\/\/www.europesays.com\/fr\/464611\/"},"modified":"2025-10-15T09:56:11","modified_gmt":"2025-10-15T09:56:11","slug":"atp-vacherot-au-sujet-de-sinner-je-le-croise-souvent-a-la-salle-de-sport-dans-les-vestiaires-cest-une-belle-personne-il-me-souhaite-toujours-bonne-chance-pour-les-tournois-meme-quand-ce-son","status":"publish","type":"post","link":"https:\/\/www.europesays.com\/fr\/464611\/","title":{"rendered":"ATP > Vacherot au sujet de Sinner : \u00ab\u00a0Je le croise souvent \u00e0 la salle de sport, dans les vestiaires : c&rsquo;est une belle personne, il me souhaite toujours bonne chance pour les tournois, m\u00eame quand ce sont des Challenger\u00a0\u00bb"},"content":{"rendered":"<p>Interrog\u00e9 par le <strong>Corriere della Sera<\/strong>, Valentin a expliqu\u00e9 le rapport qu\u2019il avait avec Jannik qu\u2019il connait bien puisque l\u2019Italien est r\u00e9sident mon\u00e9\u00adgasque et il s\u2019en\u00adtraine comme lui au Monte Carlo Country Club.<\/p>\n<p>\u00ab\u202f<strong>En fait je pensais vrai\u00adment que j\u2019al\u00adlais d\u00e9fier Jannik \u00e0 Shandha\u00ef et je me disais que c\u2019\u00e9tait la meilleure chose qui pouvait m\u2019ar\u00adriver. J\u2019ai suivi son match contre Griekspoor et son abandon, je me suis dit\u00a0: j\u2019aurai plus de chances. \u00c7a s\u2019est bien pass\u00e9. Nous ne nous sommes jamais entra\u00een\u00e9s ensemble, mais l\u2019un \u00e0 c\u00f4t\u00e9 de l\u2019autre. Je le croise souvent \u00e0 la salle de sport, dans les vestiaires\u00a0: c\u2019est une belle personne, il me souhaite toujours bonne chance pour les tour\u00adnois, m\u00eame quand ce sont des Challenger. J\u2019esp\u00e8re jouer bient\u00f4t contre lui, ce serait un honneur.\u202f\u00bb<\/strong><\/p>\n<p class=\"post-published-date\" style=\"color: silver; font-size: 75%; text-align: left;\">Publi\u00e9 le mercredi 15 octobre 2025 \u00e0 09:50<\/p>\n","protected":false},"excerpt":{"rendered":"Interrog\u00e9 par le Corriere della Sera, Valentin a expliqu\u00e9 le rapport qu\u2019il avait avec Jannik qu\u2019il connait bien&hellip;\n","protected":false},"author":2,"featured_media":464612,"comment_status":"","ping_status":"","sticky":false,"template":"","format":"standard","meta":{"footnotes":""},"categories":[1415],"tags":[1011,27,2127,60,1467],"class_list":{"0":"post-464611","1":"post","2":"type-post","3":"status-publish","4":"format-standard","5":"has-post-thumbnail","7":"category-tennis","8":"tag-fr","9":"tag-france","10":"tag-sinner","11":"tag-sports","12":"tag-tennis"},"share_on_mastodon":{"url":"https:\/\/pubeurope.com\/@fr\/115377588309558307","error":""},"_links":{"self":[{"href":"https:\/\/www.europesays.com\/fr\/wp-json\/wp\/v2\/posts\/464611","targetHints":{"allow":["GET"]}}],"collection":[{"href":"https:\/\/www.europesays.com\/fr\/wp-json\/wp\/v2\/posts"}],"about":[{"href":"https:\/\/www.europesays.com\/fr\/wp-json\/wp\/v2\/types\/post"}],"author":[{"embeddable":true,"href":"https:\/\/www.europesays.com\/fr\/wp-json\/wp\/v2\/users\/2"}],"replies":[{"embeddable":true,"href":"https:\/\/www.europesays.com\/fr\/wp-json\/wp\/v2\/comments?post=464611"}],"version-history":[{"count":0,"href":"https:\/\/www.europesays.com\/fr\/wp-json\/wp\/v2\/posts\/464611\/revisions"}],"wp:featuredmedia":[{"embeddable":true,"href":"https:\/\/www.europesays.com\/fr\/wp-json\/wp\/v2\/media\/464612"}],"wp:attachment":[{"href":"https:\/\/www.europesays.com\/fr\/wp-json\/wp\/v2\/media?parent=464611"}],"wp:term":[{"taxonomy":"category","embeddable":true,"href":"https:\/\/www.europesays.com\/fr\/wp-json\/wp\/v2\/categories?post=464611"},{"taxonomy":"post_tag","embeddable":true,"href":"https:\/\/www.europesays.com\/fr\/wp-json\/wp\/v2\/tags?post=464611"}],"curies":[{"name":"wp","href":"https:\/\/api.w.org\/{rel}","templated":true}]}}