{"id":464615,"date":"2025-10-15T09:59:10","date_gmt":"2025-10-15T09:59:10","guid":{"rendered":"https:\/\/www.europesays.com\/fr\/464615\/"},"modified":"2025-10-15T09:59:10","modified_gmt":"2025-10-15T09:59:10","slug":"f1-les-mauvaises-performances-dalpine-enfin-expliquees-gasly-fait-des-revelations","status":"publish","type":"post","link":"https:\/\/www.europesays.com\/fr\/464615\/","title":{"rendered":"F1 Les mauvaises performances d&rsquo;Alpine enfin expliqu\u00e9es, Gasly fait des r\u00e9v\u00e9lations !"},"content":{"rendered":"<p>Si les pi\u00e8tres performances d\u2019Alpine cette saison, en F1, sont explicables par le simple fait que l\u2019A525 n\u2019\u00e9tait qu\u2019une \u00e9volution de la pr\u00e9c\u00e9dente monoplace, la Direction ne s\u2019attendait toutefois pas \u00e0 pareille catastrophe. En effet, cette strat\u00e9gie \u00e9tait suppos\u00e9e permettre \u00e0 l\u2019\u00e9quipe d\u2019Enstone de faire plus que survivre en marquant r\u00e9guli\u00e8rement des points. Or, depuis le d\u00e9but de la saison, seuls 20 unit\u00e9s ont \u00e9t\u00e9 inscrites, par le seul Pierre Gasly\u2026<\/p>\n<p>Alpine F1 : enfin du mieux ?<\/p>\n<p>C\u2019est justement ce dernier qui vient de r\u00e9v\u00e9ler, via un communiqu\u00e9 officiel de son Team, que des anomalies avaient \u00e9t\u00e9 d\u00e9tect\u00e9 sur l\u2019Alpine, lors du week-end de Singapour. Une bonne nouvelle puisque l\u2019\u00e9quipe va pouvoir se consacrer \u00e0 les r\u00e9soudre et, ainsi, offrir un meilleur mat\u00e9riel aux deux pilotes. Verrons-nous les fruits de ce travail d\u00e8s ce week-end, \u00e0 <a href=\"https:\/\/lemagsportauto.ouest-france.fr\/tag\/austin\" target=\"_blank\" rel=\"noopener\">Austin<\/a> ?<\/p>\n<blockquote class=\"twitter-tweet\">\n<p dir=\"ltr\" lang=\"en\">Are you in Austin this week for the <a href=\"https:\/\/twitter.com\/hashtag\/USGP?src=hash&amp;ref_src=twsrc%5Etfw\" target=\"_blank\" rel=\"noopener\">#USGP<\/a>?<\/p>\n<p>We\u2019ve got five recommendations if you\u2019re in town \ud83e\udee1<\/p>\n<p>\u2014 BWT Alpine Formula One Team (@AlpineF1Team) <a href=\"https:\/\/twitter.com\/AlpineF1Team\/status\/1978143772891611601?ref_src=twsrc%5Etfw\" target=\"_blank\" rel=\"noopener\">October 14, 2025<\/a><\/p>\n<\/blockquote>\n<p>Nous serons fix\u00e9s d\u2019ici peu sachant que le week-end au format sprint, sur ce Grand-Prix des Am\u00e9riques, limitera l\u2019acquisition de nouvelles informations. Le but \u00e9tant, prioritairement, de travailler sur la premi\u00e8re qualification, qui aura lieu d\u00e8s vendredi, dans la foul\u00e9e de l\u2019unique s\u00e9ance libre du week-end\u2026<\/p>\n<p>\u00ab Il est clair qu\u2019\u00e0 l\u2019heure actuelle, nous sommes loin du niveau de comp\u00e9titivit\u00e9 que nous visons\u201c, confirme tout d\u2019abord Pierre Gasly, dans son commentaire pr\u00e9-Grand-Prix des Am\u00e9riques de F1. \u201cJe crois cependant que de meilleurs jours nous attendent, notamment avec les six derni\u00e8res courses du calendrier sur des circuits qui devraient mieux convenir \u00e0 notre monoplace, et bien s\u00fbr 2026.<\/p>\n<p>Avant de pr\u00e9ciser son propos et de r\u00e9v\u00e9ler les trouvailles, faites \u00e0 Singapour : L\u2019un des points positifs de Singapour a \u00e9t\u00e9 d\u2019apporter des modifications \u00e0 la voiture pour essayer de comprendre certaines choses et recueillir des donn\u00e9es sur nos performances actuelles. Nous avons d\u00e9tect\u00e9 des anomalies, qui se sont r\u00e9v\u00e9l\u00e9es tr\u00e8s instructives, et nous nous rendons donc \u00e0 Austin avec l\u2019objectif de progresser de mon c\u00f4t\u00e9 du garage. J\u2019ai connu une semaine intense apr\u00e8s Singapour. <\/p>\n<p>Puis, le tricolore revient sur les op\u00e9rations de marketing et de communication, v\u00e9cues ces derniers jours, avec Alpine : \u201cJ\u2019\u00e9tais \u00e0 Enstone mardi et mercredi pour pr\u00e9parer Austin et les prochains rendez-vous au simulateur, avant une journ\u00e9e \u00e0 Paris avec BWT, o\u00f9 j\u2019ai rencontr\u00e9 des joueurs du Stade Fran\u00e7ais, un club de rugby qui m\u2019inspire beaucoup, car on apprend \u00e9norm\u00e9ment des autres sports. J\u2019ai ensuite particip\u00e9 \u00e0 l\u2019inauguration officielle de l\u2019Atelier Alpine \u00e0 Paris, avec Philippe Krief et Fran\u00e7ois Provost. Je me sens bien et je suis d\u00e9sormais concentr\u00e9 sur le week-end Sprint \u00e0 COTA, un circuit exigeant que nous esp\u00e9rons plus favorable \u00e0 notre package. \u00bb, conclut l\u2019int\u00e9ress\u00e9, plut\u00f4t regonfl\u00e9 \u00e0 bloc, avant d\u2019entamer son week-end d\u2019Austin.<\/p>\n<p>\u00ab Nos derni\u00e8res courses n\u2019\u00e9taient pas des plus simples, mais nous restons soud\u00e9s et concentr\u00e9s pour en apprendre le plus possible chaque fois que nous sommes en piste\u201c, confirme, pour sa part, Franco Colapinto. \u201cJe suis convaincu que certaines des prochaines destinations devraient nous \u00eatre plus favorables et nous ferons tout ce qui est en notre pouvoir pour \u00eatre dans le match et tenter de terminer dans les points d\u2019ici la fin de l\u2019ann\u00e9e. Tout n\u2019\u00e9tait pas n\u00e9gatif \u00e0 Singapour : nous avons pris un bon d\u00e9part et j\u2019ai pu me m\u00ealer \u00e0 quelques batailles, mais nous n\u2019avions finalement pas assez de rythme pour nous battre pour le top dix. La semaine pass\u00e9e, je me suis rendu \u00e0 Enstone pour d\u00e9briefer et pr\u00e9parer la tourn\u00e9e am\u00e9ricaine qui s\u2019ouvre \u00e0 Austin. Le Circuit des Am\u00e9riques est incroyable et, avec le format Sprint, ce sera excitant d\u2019avoir deux courses sur ce trac\u00e9. Les fans am\u00e9ricains sont tr\u00e8s agr\u00e9ables et j\u2019adore toujours voir autant d\u2019Argentins dans le public. Nous travaillerons dur d\u2019entr\u00e9e de jeu pour offrir un bon spectacle et, je l\u2019esp\u00e8re, repartir avec une belle r\u00e9compense. \u00bb, ajoutait le jeune pilote, qui devrait \u00eatre soutenu par nombre de supporters, sur le continent Am\u00e9ricain.<\/p>\n<\/p>\n<p>Article publi\u00e9 le 15\/10\/2025 \u00e0 11h54<\/p>\n<p>                                                            <script async src=\"https:\/\/platform.twitter.com\/widgets.js\" charset=\"utf-8\"><\/script><\/p>\n","protected":false},"excerpt":{"rendered":"Si les pi\u00e8tres performances d\u2019Alpine cette saison, en F1, sont explicables par le simple fait que l\u2019A525 n\u2019\u00e9tait&hellip;\n","protected":false},"author":2,"featured_media":464616,"comment_status":"","ping_status":"","sticky":false,"template":"","format":"standard","meta":{"footnotes":""},"categories":[1412],"tags":[2674,1451,1452,1453,1454,1455,1011,27,60],"class_list":{"0":"post-464615","1":"post","2":"type-post","3":"status-publish","4":"format-standard","5":"has-post-thumbnail","7":"category-f1","8":"tag-alpine","9":"tag-f1","10":"tag-formula-1","11":"tag-formula1","12":"tag-formule-1","13":"tag-formule1","14":"tag-fr","15":"tag-france","16":"tag-sports"},"share_on_mastodon":{"url":"https:\/\/pubeurope.com\/@fr\/115377600181304454","error":""},"_links":{"self":[{"href":"https:\/\/www.europesays.com\/fr\/wp-json\/wp\/v2\/posts\/464615","targetHints":{"allow":["GET"]}}],"collection":[{"href":"https:\/\/www.europesays.com\/fr\/wp-json\/wp\/v2\/posts"}],"about":[{"href":"https:\/\/www.europesays.com\/fr\/wp-json\/wp\/v2\/types\/post"}],"author":[{"embeddable":true,"href":"https:\/\/www.europesays.com\/fr\/wp-json\/wp\/v2\/users\/2"}],"replies":[{"embeddable":true,"href":"https:\/\/www.europesays.com\/fr\/wp-json\/wp\/v2\/comments?post=464615"}],"version-history":[{"count":0,"href":"https:\/\/www.europesays.com\/fr\/wp-json\/wp\/v2\/posts\/464615\/revisions"}],"wp:featuredmedia":[{"embeddable":true,"href":"https:\/\/www.europesays.com\/fr\/wp-json\/wp\/v2\/media\/464616"}],"wp:attachment":[{"href":"https:\/\/www.europesays.com\/fr\/wp-json\/wp\/v2\/media?parent=464615"}],"wp:term":[{"taxonomy":"category","embeddable":true,"href":"https:\/\/www.europesays.com\/fr\/wp-json\/wp\/v2\/categories?post=464615"},{"taxonomy":"post_tag","embeddable":true,"href":"https:\/\/www.europesays.com\/fr\/wp-json\/wp\/v2\/tags?post=464615"}],"curies":[{"name":"wp","href":"https:\/\/api.w.org\/{rel}","templated":true}]}}