{"id":464617,"date":"2025-10-15T10:00:12","date_gmt":"2025-10-15T10:00:12","guid":{"rendered":"https:\/\/www.europesays.com\/fr\/464617\/"},"modified":"2025-10-15T10:00:12","modified_gmt":"2025-10-15T10:00:12","slug":"elections-de-la-commission-des-athletes-les-candidats-de-la-piste-actualite","status":"publish","type":"post","link":"https:\/\/www.europesays.com\/fr\/464617\/","title":{"rendered":"Elections de la Commission des athl\u00e8tes : Les candidats de la piste &#8211; Actualit\u00e9"},"content":{"rendered":"<p style=\"text-align: justify;\">Tous les quatre ans, en ann\u00e9e post-olympique, les participants du Championnat du Monde de chaque discipline de l&rsquo;UCI \u00e9lisent leur repr\u00e9sentant \u00e0 la Commission des athl\u00e8tes.\u00a0<\/p>\n<p>Pour la piste, l&rsquo;\u00e9lection aura lieu \u00e0 Santiago du Chili qui re\u00e7oit le Championnat du Monde du 22 au 26 octobre. Il y a une seule candidate chez les Femmes et trois chez les Hommes, avec un sacr\u00e9 palmar\u00e8s.<\/p>\n<p>Ally Wollaston (FDJ-Suez), seule \u00e0 se pr\u00e9senter, est donc assur\u00e9e d&rsquo;\u00eatre \u00e9lue chez les Femmes.<\/p>\n<p>Chez les Hommes, deux Champions olympiques sont en lice,\u00a0le N\u00e9erlandais Harrie Lavreysen et l&rsquo;Italien Elia Viviani (qui va disputer son dernier Championnat du Monde) ainsi que le V\u00e9n\u00e9zu\u00e9lien, bas\u00e9 aux Etats-Unis, Clever Jos\u00e9 Martinez.<\/p>\n<p>Les votes auront lieu au v\u00e9lodrome sur plusieurs jours : les 20 et 21 octobre de 9h \u00e0 19h30, et le 22 octobre de 9h \u00e0 17h.<\/p>\n<p>Sur la route, <a href=\"https:\/\/www.directvelo.com\/actualite\/124233\/election-a-luci-juliette-labous-elue%20\u00e0 Kigali\" target=\"_blank\" rel=\"noopener\"><strong>Juliette Labous et Tom Skujins<\/strong><\/a> ont \u00e9t\u00e9 \u00e9lus.<\/p>\n","protected":false},"excerpt":{"rendered":"Tous les quatre ans, en ann\u00e9e post-olympique, les participants du Championnat du Monde de chaque discipline de l&rsquo;UCI&hellip;\n","protected":false},"author":2,"featured_media":464618,"comment_status":"","ping_status":"","sticky":false,"template":"","format":"standard","meta":{"footnotes":""},"categories":[1411],"tags":[834,828,836,829,837,827,83,826,824,823,1154,207,814,817,815,816,822,821,832,211,839,1011,27,820,818,819,835,831,830,833,838,60,212,208,825],"class_list":{"0":"post-464617","1":"post","2":"type-post","3":"status-publish","4":"format-standard","5":"has-post-thumbnail","7":"category-cyclisme","8":"tag-attaque","9":"tag-belgique","10":"tag-braquet","11":"tag-bretagne","12":"tag-chute","13":"tag-competition","14":"tag-coupe-de-france","15":"tag-coureur","16":"tag-course-cyclisme","17":"tag-course-cycliste","18":"tag-cycling","19":"tag-cyclisme","20":"tag-direct","21":"tag-direct-velo","22":"tag-directvelo","23":"tag-directvelo-com","24":"tag-epreuve","25":"tag-epreuve-cycliste","26":"tag-federation-francaise-de-cyclisme","27":"tag-ffc","28":"tag-flandres","29":"tag-fr","30":"tag-france","31":"tag-live","32":"tag-live-course","33":"tag-live-epreuve","34":"tag-peloton","35":"tag-radio-peloton","36":"tag-radio-tour","37":"tag-ravitaillement","38":"tag-relance","39":"tag-sports","40":"tag-uci","41":"tag-velo","42":"tag-velos"},"share_on_mastodon":{"url":"https:\/\/pubeurope.com\/@fr\/115377604134866806","error":""},"_links":{"self":[{"href":"https:\/\/www.europesays.com\/fr\/wp-json\/wp\/v2\/posts\/464617","targetHints":{"allow":["GET"]}}],"collection":[{"href":"https:\/\/www.europesays.com\/fr\/wp-json\/wp\/v2\/posts"}],"about":[{"href":"https:\/\/www.europesays.com\/fr\/wp-json\/wp\/v2\/types\/post"}],"author":[{"embeddable":true,"href":"https:\/\/www.europesays.com\/fr\/wp-json\/wp\/v2\/users\/2"}],"replies":[{"embeddable":true,"href":"https:\/\/www.europesays.com\/fr\/wp-json\/wp\/v2\/comments?post=464617"}],"version-history":[{"count":0,"href":"https:\/\/www.europesays.com\/fr\/wp-json\/wp\/v2\/posts\/464617\/revisions"}],"wp:featuredmedia":[{"embeddable":true,"href":"https:\/\/www.europesays.com\/fr\/wp-json\/wp\/v2\/media\/464618"}],"wp:attachment":[{"href":"https:\/\/www.europesays.com\/fr\/wp-json\/wp\/v2\/media?parent=464617"}],"wp:term":[{"taxonomy":"category","embeddable":true,"href":"https:\/\/www.europesays.com\/fr\/wp-json\/wp\/v2\/categories?post=464617"},{"taxonomy":"post_tag","embeddable":true,"href":"https:\/\/www.europesays.com\/fr\/wp-json\/wp\/v2\/tags?post=464617"}],"curies":[{"name":"wp","href":"https:\/\/api.w.org\/{rel}","templated":true}]}}