{"id":464631,"date":"2025-10-15T10:07:19","date_gmt":"2025-10-15T10:07:19","guid":{"rendered":"https:\/\/www.europesays.com\/fr\/464631\/"},"modified":"2025-10-15T10:07:19","modified_gmt":"2025-10-15T10:07:19","slug":"bar-le-duc-retraites-un-documentaire-avec-laurent-berger-tourne-en-meuse-sort-en-salle-ce-mercredi-lest-republicain","status":"publish","type":"post","link":"https:\/\/www.europesays.com\/fr\/464631\/","title":{"rendered":"Bar-le-Duc. Retraites : un documentaire avec Laurent Berger tourn\u00e9 en Meuse sort en salle ce mercredi &#8211; L&#039;Est R\u00e9publicain"},"content":{"rendered":"<ol>\n<li><a href=\"https:\/\/news.google.com\/rss\/articles\/CBMi3AFBVV95cUxQWGRUWjJ2Q2xVcHRMYUxzRFFnS1dqX1NpWjBYWWd1RU55Zm1MWURLZEFTakVJaFFreEZTTFVVVkItT2E3RXNlX2RNZkkyUWNMRjJUNjlqU1pVa1VNVF9FemRVcjlQd0k3OTNiZkpqM09mNWJiSzB1V19DQ1RSbm5PY0h4U0xkZDJCaWJlVGxsTVI0Nkc1bWk2cHJZRG1saHdZTEVjSG81LVdCcGpwQk12a2dvMGU0TW82OWcyYlFfYl9fcVlNYlVsMTZfUFpIeVlXRGg0VURxWThBQklK?oc=5\" target=\"_blank\" rel=\"noopener\">Bar-le-Duc. Retraites : un documentaire avec Laurent Berger tourn\u00e9 en Meuse sort en salle ce mercredi<\/a>&nbsp;&nbsp;L&rsquo;Est R\u00e9publicain<\/li>\n<li><a href=\"https:\/\/news.google.com\/rss\/articles\/CBMi1wFBVV95cUxPa19HSngyTnZjUmxFNDQ5d1JXWUM5REF0NWZ6TGtOV3Z4d3FvTFVfdTZJV08xcUZ1WHBad3JOTFhDRUl1dEpOWDNZandhVFBScm1ZalVmQzJNSnBfZGQzYUJMOGlpUjBlSlg3VGxJRy1YX1J5cTVLdE54c1hFczExY00yYmR1bGZKYnlxNkxHMzNxZUJ3Z19rYUxjajBKaXdSTmduVkk5SVp1WjI1cDlIOWQ0SS1rT0ROVTQ0aThMRlVSWTVsWWV0UFFVWE5tY0Z6bnd3Q2Rmcw?oc=5\" target=\"_blank\" rel=\"noopener\">R\u00e9forme des retraites : \u00ab\u00a0on ne fait pas de la politique contre les gens\u00a0\u00bb affirme Laurent Berger<\/a>&nbsp;&nbsp;Radio France<\/li>\n<li><a href=\"https:\/\/news.google.com\/rss\/articles\/CBMi3gFBVV95cUxPOGVxSUZQT09Dc0I5d3lkbHMwZWEyTWVyYlBpX2o2RFBZRVFpVEpFVFdQUVF0WW13dTh4OFhSRXMwR1JGWmpLVWVHUFNsbXQwdXdrS0s2MnVGR2pjVm5Iak5PaXBtaDBhWG5VUHhhYXpub2cwTDNYYkJjbnJ6M0ZBVGhiN3RtY0hmLTBpdzlOd1RWTVI1NF8zZmNoSkZRd21EMzMxenFvM2o2U3JKTWVELWpsRWoxc1phSTdrZnotVUlTZ0JXdGc3MTR4NmNHWW45QXMtMGZxRTNyem5ma2c?oc=5\" target=\"_blank\" rel=\"noopener\">\u201cLe Dernier Compromis\u201d, d\u2019Anne Fonteneau : les six derniers mois de Laurent Berger \u00e0 la t\u00eate de la CFDT<\/a>&nbsp;&nbsp;T\u00e9l\u00e9rama<\/li>\n<li><a href=\"https:\/\/news.google.com\/rss\/articles\/CBMiqgFBVV95cUxPMEl0N2ltT3B6WDhjMUFleDN4RFl2RlFHUFpmd1RUeVpVUll2OUo4TldXcDJDNmFjUUhCTlRhd3VLUk9FVFlDYnJGRFJTeks4czhCREkyYTFQaVNZVXVWWXpyTFplTWVXaHA2c205WlNUSm13SHBNZDB5TDhLZXk0VnpFTUhDTjJKM2RVeDBZZW9JazZRMkIzZHFpNFJScXhMdnRZQmdxWlRqUQ?oc=5\" target=\"_blank\" rel=\"noopener\">Laurent Berger, battre en retraite<\/a>&nbsp;&nbsp;Lib\u00e9ration<\/li>\n<li><a href=\"https:\/\/news.google.com\/rss\/articles\/CBMimgJBVV95cUxNXzV6V1ZjbElNRE9LSnU3dkkzWkNmaWRJVUI0ZjVOZGtZQnFrX3ppSGF2U2pyUldNMV9ZSEtZd0ZINGRKc19BXzg0WVBYZVhETVo5NElvU3g1aUtINGZpbzF6VEUzVEZpNEVDU01LSExiN1YxbXpmSF9IT3dTLVlOTFVHdTlMbDJqcENWZ0xZcy1FRmVZbXRUcU5rTDNaTkpkS1FpYlhRNFJPcG5vNnJRVExDc2huUC12RzlUdjJvWXF1enlMYklCVUlfODdsazVNZU5XZG9RcFlITzh4aV9oTS1iRDN4d0tyelN4OGV0TmdCUC01WktxRGhIYUZId0l0ZWdmWW04X2hJOWljeHJZZm8tbnA3RU9NU2c?oc=5\" target=\"_blank\" rel=\"noopener\">Laurent Berger et son \u00ab dernier compromis \u00bb mercredi \u00e0 l\u2019affiche de Cin\u00e9ville \u00e0 Saint-Nazaire<\/a>&nbsp;&nbsp;Ouest-France<\/li>\n<\/ol>\n","protected":false},"excerpt":{"rendered":"Bar-le-Duc. Retraites : un documentaire avec Laurent Berger tourn\u00e9 en Meuse sort en salle ce mercredi&nbsp;&nbsp;L&rsquo;Est R\u00e9publicain R\u00e9forme&hellip;\n","protected":false},"author":2,"featured_media":464632,"comment_status":"","ping_status":"","sticky":false,"template":"","format":"standard","meta":{"footnotes":""},"categories":[1354],"tags":[3600,3601,650,1687,58,3602,1707,1704,1706,1705,10174,59,1346,1011,27,1360,3456,137,801],"class_list":{"0":"post-464631","1":"post","2":"type-post","3":"status-publish","4":"format-standard","5":"has-post-thumbnail","7":"category-films","8":"tag-bar-le-duc","9":"tag-bar-le-duc-ville-55a","10":"tag-cinema","11":"tag-culture-loisirs","12":"tag-divertissement","13":"tag-edition-bar-le-duc","14":"tag-edition-luneville","15":"tag-edition-nancy-et-agglomeration","16":"tag-edition-pont-a-mousson","17":"tag-edition-toul","18":"tag-edition-verdun","19":"tag-entertainment","20":"tag-films","21":"tag-fr","22":"tag-france","23":"tag-movies","24":"tag-region-lorraine","25":"tag-retraite","26":"tag-social"},"share_on_mastodon":{"url":"https:\/\/pubeurope.com\/@fr\/115377631764463823","error":""},"_links":{"self":[{"href":"https:\/\/www.europesays.com\/fr\/wp-json\/wp\/v2\/posts\/464631","targetHints":{"allow":["GET"]}}],"collection":[{"href":"https:\/\/www.europesays.com\/fr\/wp-json\/wp\/v2\/posts"}],"about":[{"href":"https:\/\/www.europesays.com\/fr\/wp-json\/wp\/v2\/types\/post"}],"author":[{"embeddable":true,"href":"https:\/\/www.europesays.com\/fr\/wp-json\/wp\/v2\/users\/2"}],"replies":[{"embeddable":true,"href":"https:\/\/www.europesays.com\/fr\/wp-json\/wp\/v2\/comments?post=464631"}],"version-history":[{"count":0,"href":"https:\/\/www.europesays.com\/fr\/wp-json\/wp\/v2\/posts\/464631\/revisions"}],"wp:featuredmedia":[{"embeddable":true,"href":"https:\/\/www.europesays.com\/fr\/wp-json\/wp\/v2\/media\/464632"}],"wp:attachment":[{"href":"https:\/\/www.europesays.com\/fr\/wp-json\/wp\/v2\/media?parent=464631"}],"wp:term":[{"taxonomy":"category","embeddable":true,"href":"https:\/\/www.europesays.com\/fr\/wp-json\/wp\/v2\/categories?post=464631"},{"taxonomy":"post_tag","embeddable":true,"href":"https:\/\/www.europesays.com\/fr\/wp-json\/wp\/v2\/tags?post=464631"}],"curies":[{"name":"wp","href":"https:\/\/api.w.org\/{rel}","templated":true}]}}