{"id":464639,"date":"2025-10-15T10:11:12","date_gmt":"2025-10-15T10:11:12","guid":{"rendered":"https:\/\/www.europesays.com\/fr\/464639\/"},"modified":"2025-10-15T10:11:12","modified_gmt":"2025-10-15T10:11:12","slug":"promo-1039e-asus-zenbook-s-13-oled-ux5304ma-nq059w-nomade-10h-ultrabook-2-8k-tres-facile-a-transporter-1-kg-intel-meteor-core-ultra-7-ssd-1-to-tb4","status":"publish","type":"post","link":"https:\/\/www.europesays.com\/fr\/464639\/","title":{"rendered":"Promo 1039\u20ac Asus ZenBook S 13 OLED UX5304MA-NQ059W nomade 10h, Ultrabook 2.8K tr\u00e8s facile \u00e0 transporter 1 Kg Intel Meteor Core Ultra 7 SSD 1 To TB4"},"content":{"rendered":"<p>Notre avis sur l\u2019Asus ZenBook S 13 OLED UX5304MA-NQ059W<\/p>\n<p>Tr\u00e8s facile \u00e0 transporter gr\u00e2ce \u00e0 sa compacit\u00e9 et son poids limit\u00e9 \u00e0 1 Kg, le PC portable <strong>Asus ZenBook S 13 OLED UX5304MA-NQ059W<\/strong> profite d\u2019un \u00e9cran 13 pouces Haute D\u00e9finition 2.8K Haute Fid\u00e9lit\u00e9 OLED DCI-P3 surmont\u00e9 d\u2019une webcam Infrarouge pour authentification faciale biom\u00e9trique. Cet Ultrabook au design gris discret convient pour \u00e9tudier avec son autonomie de 8 heures sous Windows 11, son clavier r\u00e9tro \u00e9clair\u00e9 ainsi que sa connectivit\u00e9 Wi-Fi 6E et USB-C Thunderbolt 4. Adapt\u00e9 \u00e0 un usage courant, du jeu et traitements multim\u00e9dia l\u00e9gers, cet ordinateur portable r\u00e9actif est architectur\u00e9 autour de 16 Go de m\u00e9moire vive et d\u2019un processeur Intel Meteor Lake hybride Core Ultra 7 155U \u00e0 module graphique Iris Xe mais \u00e9galement un stockage SSD rapide d\u2019une capacit\u00e9 \u00e9lev\u00e9e de 1 To. <\/p>\n<p>Caract\u00e9ristiques de l\u2019Asus ZenBook S 13 OLED UX5304MA-NQ059W<\/p>\n<tr>\n<td>\u00c9cran(s)<\/td>\n<td>13.3\u2033 2.8K OLED 100% DCI-P3 HDR True Black 500 Pantone 0.2ms 16\/10\u00e8me (2880\u00d71800, brillant)<\/td>\n<\/tr>\n<tr>\n<td>Processeur<\/td>\n<td>Intel Core Ultra 7 155U Meteor Lake (12 c\u0153urs\u00a0: 2P 4.8 GHz \/ 8E 3.8 GHz + 2S, 15W)<\/td>\n<\/tr>\n<tr>\n<td>M\u00e9moire vive install\u00e9e (max)<\/td>\n<td>16 Go (soud\u00e9s) LPPDDR5x 7467 MHz<\/td>\n<\/tr>\n<tr>\n<td>Carte graphique<\/td>\n<td>Intel Iris Xe int\u00e9gr\u00e9e au processeur<\/td>\n<\/tr>\n<tr>\n<td>Stockage<\/td>\n<td>SSD M.2 de 1 To (NVMe PCIe 4.0 x4)<\/td>\n<\/tr>\n<tr>\n<td>Connectique<\/td>\n<td>1 USB 3.2 (Gen2) + 2 USB-C Thunderbolt 4, HDMI 2.1<\/td>\n<\/tr>\n<tr>\n<td>R\u00e9seau<\/td>\n<td>Wi-Fi 6E ax (2\u00d72), Bluetooth 5.3<\/td>\n<\/tr>\n<tr>\n<td>Clavier r\u00e9tro \u00e9clair\u00e9<\/td>\n<td>Oui, course 1.1 mm<\/td>\n<\/tr>\n<tr>\n<td>Pav\u00e9 num\u00e9rique<\/td>\n<td>\u2013<\/td>\n<\/tr>\n<tr>\n<td>Windows Hello<\/td>\n<td>Oui, via webcam Infrarouge<\/td>\n<\/tr>\n<tr>\n<td>Syst\u00e8me audio<\/td>\n<td>2 haut-parleurs Harman Kardon, Smart Amp<\/td>\n<\/tr>\n<tr>\n<td>Syst\u00e8me d\u2019exploitation<\/td>\n<td>\u2013<\/td>\n<\/tr>\n<tr>\n<td>Autonomie annonc\u00e9e \/ Batterie<\/td>\n<td>10 heures \/ Li-Ion 4 cellules 63Whr<\/td>\n<\/tr>\n<tr>\n<td>Poids \/ Dimensions (mm)<\/td>\n<td>1.0 Kg \/ 296.2 x 216.3 x 10.9-11.8<\/td>\n<\/tr>\n<p>L\u2019Asus ZenBook S 13 OLED UX5304MA-NQ059W face \u00e0 la concurrence<\/p>\n<p>L\u2019Asus ZenBook S 13 OLED UX5304MA-NQ059W est en ce moment commercialis\u00e9 par <a href=\"https:\/\/yurl.fr\/l\/laptopspirit\/aHR0cHM6Ly93d3cuZGFydHkuY29tL25hdi9hY2hhdC9pbmZvcm1hdGlxdWUvb3JkaW5hdGV1cl9wb3J0YWJsZS1wb3J0YWJsZS9wb3J0YWJsZS9hc3VzX3V4NTMwNF91N18xNl8xLmh0bWw\" target=\"_blank\" rel=\"nofollow noopener\" onclick=\"ga(&#039;send&#039;, &#039;event&#039;, &#039;lienYurl&#039;, &#039;clicYurl&#039;, &#039;lienYurlArticle&#039;);\"><strong>Darty<\/strong><\/a> et la <a href=\"https:\/\/yurl.fr\/l\/laptopspirit\/aHR0cHM6Ly93d3cuZm5hYy5jb20vQXN1cy1VWDUzMDRNQS1OUTA1OVctWmVuYm9vay1TLTEzLUNvcmUtVWx0cmEtNy0xNTVVLTE2R0ItUkFNLTFUQi1TU0QtT0xFRC0xMy0zLVdRWEdBLVdpbmRvd3MtMTEtQmFzYWx0LUdyYXktQVpFUlRZLUZyYW5jYWlzL2EyMTk2NTU2Ni93LTQ\" target=\"_blank\" rel=\"nofollow noopener\" onclick=\"ga(&#039;send&#039;, &#039;event&#039;, &#039;lienYurl&#039;, &#039;clicYurl&#039;, &#039;lienYurlArticle&#039;);\"><strong>Fnac<\/strong><\/a>. Il se positionne comme <a href=\"https:\/\/www.laptopspirit.fr\/comparateur\/filtres\/criteres\/065e81f808945d1f24f65866ea847840.html\" target=\"_blank\" rel=\"noopener noreferrer nofollow\">l\u2019un des seuls de sa cat\u00e9gorie \u00e0 \u00eatre aussi compact et l\u00e9ger<\/a> tout en offrant un \u00e9cran Haute D\u00e9finition Haute Fid\u00e9lit\u00e9 qu\u2019une connectique Thunderbolt et un processeur orient\u00e9 Ingelligence Artificielle.<\/p>\n<p>Si ce PC portable ne correspond pas totalement \u00e0 vos besoins, nous vous invitons \u00e0 consulter nos guides <a href=\"https:\/\/www.laptopspirit.fr\/pc-portable-pas-cher-les-meilleurs-ordinateurs-du-moment\" target=\"_blank\" rel=\"noopener nofollow\">PC portable pas cher<\/a> et <a href=\"https:\/\/www.laptopspirit.fr\/tag\/pc-portable-etudiant\" target=\"_blank\" rel=\"noopener nofollow\">PC portable \u00e9tudiant<\/a>, vous y trouverez d\u2019autres ordinateurs portables similaires qui peuvent constituer de bonnes alternatives \u00e0 l\u2019Asus ZenBook S 13 OLED UX5304MA-NQ059W.<\/p>\n<p>Ch\u00e2ssis, connectique, \u00e9cran de l\u2019Asus ZenBook S 13 OLED UX5304MA-NQ059W<\/p>\n<p>Robuste de par sa conformit\u00e9 \u00e0 la norme de durabilit\u00e9 militaire am\u00e9ricaine MIL-STD-810G, ce PC portable adopte une allure discr\u00e8te de par son design Basalt Grey, compact, fin et l\u00e9ger puisqu\u2019il p\u00e8se seulement 1 Kg.<\/p>\n<p>La connectique int\u00e9gr\u00e9e \u00e0 cet ultraportable est bonne, comprenant 2 USB-C Thunderbolt 4 en plus d\u20191 USB 3.2 pratiques pour brancher facilement des p\u00e9riph\u00e9riques et obtenir des transferts rapides, des modules sans-fil Bluetooth 5.3 et Wi-Fi 6E pour communiquer et se connecter \u00e0 distance, un port audio ainsi qu\u2019une sortie vid\u00e9o HDMI gr\u00e2ce \u00e0 laquelle on peut relier facilement cet Ultrabook \u00e0 un moniteur ou projecteur par exemple.<\/p>\n<p>Comme la webcam dispose de la technologie Infrarouge, on peut s\u2019authentifier de fa\u00e7on biom\u00e9trique par reconnaissance faciale via Windows Hello.<\/p>\n<p>D\u00e8s qu\u2019il est difficile de distinguer les touches, on peut simplement activer la fonctionnalit\u00e9 de r\u00e9tro \u00e9clairage du clavier chiclet, attendue certes mais toujours pratique.<\/p>\n<p><a href=\"https:\/\/www.laptopspirit.fr\/wp-content\/uploads\/new\/2025\/09\/Asus-ZenBook-S-13-OLED-UX5304MA-NQ059W-2.jpg\" data-slb-active=\"1\" data-slb-asset=\"653830745\" data-slb-internal=\"0\" data-slb-group=\"366789\" rel=\"nofollow noopener\" target=\"_blank\"><img loading=\"lazy\" decoding=\"async\" width=\"1024\" height=\"750\" src=\"https:\/\/www.europesays.com\/fr\/wp-content\/uploads\/2025\/10\/Asus-ZenBook-S-13-OLED-UX5304MA-NQ059W-2-1024x750.jpg\" alt=\"Asus ZenBook S 13 OLED UX5304MA-NQ059W\" class=\"wp-image-366792\"  \/><\/a><\/p>\n<p>L\u2019\u00e9cran repr\u00e9sente un atout majeur de cette configuration puisqu\u2019il se pare d\u2019une Haute D\u00e9finition 2.8K coupl\u00e9e \u00e0 la technologie OLED procurant des noirs tr\u00e8s profonds, une Haute Fid\u00e9lit\u00e9 colorim\u00e9trique DCI-P3, une latence faible pour une grande fluidit\u00e9 ainsi que des angles de vision cons\u00e9quents, tant horizontaux que verticaux.<br \/>L\u2019OLED s\u2019accompagne comme toujours d\u2019un rev\u00eatement brillant qui donne du punch aux couleurs mais induit une sensibilit\u00e9 aux reflets en environnement lumineux (ex : ext\u00e9rieur).<br \/>Gr\u00e2ce \u00e0 son format 16\/10\u00e8me plus haut que le standard 16\/9\u00e8me, l\u2019\u00e9cran affiche plus d\u2019informations \u00e0 la verticale. <\/p>\n<p>Performances, autonomie de l\u2019Asus ZenBook S 13 OLED UX5304MA-NQ059W<\/p>\n<p>L\u2019Asus ZenBook S 13 OLED UX5304MA-NQ059W peut int\u00e9resser ceux qui souhaitent s\u2019\u00e9quiper d\u2019un PC portable Haute D\u00e9finition Haute Fid\u00e9lit\u00e9 compact tr\u00e8s facile \u00e0 transporter pour un usage courant nomade orient\u00e9 IA.<\/p>\n<p>Les nomades comme certains souhaitant s\u2019\u00e9quiper d\u2019un <a href=\"https:\/\/www.laptopspirit.fr\/tag\/ordinateur-portable-etudiant\" target=\"_blank\" rel=\"noopener noreferrer nofollow\">ordinateur portable \u00e9tudiant<\/a> appr\u00e9cieront cet Ultrabook tr\u00e8s facile \u00e0 transporter au quotidien gr\u00e2ce \u00e0 sa compacit\u00e9, sa finesse et sa l\u00e9g\u00e8ret\u00e9 (1 Kg!). D\u2019autant que son autonomie avoisine les 10 heures de fonctionnement sur batterie en usage l\u00e9ger.<\/p>\n<p>Pour offrir une telle autonomie cet ordinateur portable s\u2019appuie sur des composants \u00e9conome en \u00e9nergie \u00e0 l\u2019instar de son stockage SSD par ailleurs silencieux et tr\u00e8s v\u00e9loce.<br \/>Le SSD qui contribue nettement \u00e0 la bonne r\u00e9activit\u00e9\/fluidit\u00e9 au quotidien propose une capacit\u00e9 de stockage \u00e9lev\u00e9e de 1000 Go tr\u00e8s confortable pour installer et stocker moult applications et fichiers.<\/p>\n<p>Concr\u00e8tement d\u00e9marrer\/arr\u00eater et lancer des logiciels est rapide sous ce PC portable propuls\u00e9 par un processeur Intel Core Ultra 7 155U basse consommation <a href=\"https:\/\/www.laptopspirit.fr\/340480\/intel-meteor-lake-intel-lance-officiellement-8-nouveaux-processeurs-mobiles-core-ultra-pour-pc-portables-avec-ia-et-intel-arc.html\" target=\"_blank\" rel=\"noopener noreferrer nofollow\">Meteor Lake<\/a> aux capacit\u00e9 IA muni de 12 c\u0153urs hybrides en plus du module graphique Iris Xe. <\/p>\n<p>\u00c9paul\u00e9 par 16 Go de m\u00e9moire vive, le Core Ultra 7 155U d\u00e9livre de bonnes performances en utilisation courante, comme en navigation web, en bureautique, pour regarder des photos et vid\u00e9os HD ou encore r\u00e9aliser occasionnellement de petits traitements multim\u00e9dia exploitant le multic\u0153urs, la RAM et l\u2019Intelligence Artificielle, comme de l\u00e9gers encodages vid\u00e9o ou retouches photo.<\/p>\n<p>Jouer \u00e0 des jeux l\u00e9gers est envisageable. Mais uniquement si l\u2019on consent \u00e0 des r\u00e9glages. On pense clairement \u00e0 une r\u00e9duction de la d\u00e9finition de l\u2019\u00e9cran car jouer en 2.8K exige plus de calculs graphiques qu\u2019en Full HD, ce qui induit un nombre de fps plus bas.<\/p>\n","protected":false},"excerpt":{"rendered":"Notre avis sur l\u2019Asus ZenBook S 13 OLED UX5304MA-NQ059W Tr\u00e8s facile \u00e0 transporter gr\u00e2ce \u00e0 sa compacit\u00e9 et&hellip;\n","protected":false},"author":2,"featured_media":464640,"comment_status":"","ping_status":"","sticky":false,"template":"","format":"standard","meta":{"footnotes":""},"categories":[7],"tags":[1011,27,43,40,41,39,42,44],"class_list":{"0":"post-464639","1":"post","2":"type-post","3":"status-publish","4":"format-standard","5":"has-post-thumbnail","7":"category-sciences-et-technologies","8":"tag-fr","9":"tag-france","10":"tag-science","11":"tag-science-and-technology","12":"tag-sciences","13":"tag-sciences-et-technologies","14":"tag-technologies","15":"tag-technology"},"share_on_mastodon":{"url":"https:\/\/pubeurope.com\/@fr\/115377647863913577","error":""},"_links":{"self":[{"href":"https:\/\/www.europesays.com\/fr\/wp-json\/wp\/v2\/posts\/464639","targetHints":{"allow":["GET"]}}],"collection":[{"href":"https:\/\/www.europesays.com\/fr\/wp-json\/wp\/v2\/posts"}],"about":[{"href":"https:\/\/www.europesays.com\/fr\/wp-json\/wp\/v2\/types\/post"}],"author":[{"embeddable":true,"href":"https:\/\/www.europesays.com\/fr\/wp-json\/wp\/v2\/users\/2"}],"replies":[{"embeddable":true,"href":"https:\/\/www.europesays.com\/fr\/wp-json\/wp\/v2\/comments?post=464639"}],"version-history":[{"count":0,"href":"https:\/\/www.europesays.com\/fr\/wp-json\/wp\/v2\/posts\/464639\/revisions"}],"wp:featuredmedia":[{"embeddable":true,"href":"https:\/\/www.europesays.com\/fr\/wp-json\/wp\/v2\/media\/464640"}],"wp:attachment":[{"href":"https:\/\/www.europesays.com\/fr\/wp-json\/wp\/v2\/media?parent=464639"}],"wp:term":[{"taxonomy":"category","embeddable":true,"href":"https:\/\/www.europesays.com\/fr\/wp-json\/wp\/v2\/categories?post=464639"},{"taxonomy":"post_tag","embeddable":true,"href":"https:\/\/www.europesays.com\/fr\/wp-json\/wp\/v2\/tags?post=464639"}],"curies":[{"name":"wp","href":"https:\/\/api.w.org\/{rel}","templated":true}]}}