{"id":464649,"date":"2025-10-15T10:16:16","date_gmt":"2025-10-15T10:16:16","guid":{"rendered":"https:\/\/www.europesays.com\/fr\/464649\/"},"modified":"2025-10-15T10:16:16","modified_gmt":"2025-10-15T10:16:16","slug":"loire-le-duo-michele-laroque-kad-merad-a-roanne-et-a-saint-etienne-en-2027","status":"publish","type":"post","link":"https:\/\/www.europesays.com\/fr\/464649\/","title":{"rendered":"Loire. Le duo Mich\u00e8le Laroque-Kad Merad \u00e0 Roanne et \u00e0 Saint-\u00c9tienne\u2026 en 2027"},"content":{"rendered":"<p>Il va falloir patienter pour les voir mais Mich\u00e8le Laroque et <a href=\"https:\/\/www.leprogres.fr\/p\/kad-merad\" target=\"_blank\" rel=\"noopener\">Kad Merad<\/a> passeront bien par la Loire avec la com\u00e9die L\u2019\u00c2ge b\u00eate, d\u2019Olivier Baroux.<\/p>\n<p>Le duo se produira Scarab\u00e9e de Riorges-Roanne jeudi 14\u00a0janvier 2027 et au Z\u00e9nith de Saint-\u00c9tienne vendredi 5\u00a0f\u00e9vrier 2027. Le pitch\u00a0? \u00ab\u00a0Benoit et Claire viennent de se rencontrer, ils veulent vivre leur nouvelle histoire \u00e0 fond, sans limites. Rebelles et libres, ils revendiquent leur amour pour le sexe, l\u2019alcool et le foot\u00a0: ce sont les nouveaux soixantenaires. Ils refusent de se laisser enfermer par l\u2019\u00e2ge. Malgr\u00e9 leurs habitudes bien ancr\u00e9es, ils veulent continuer \u00e0 vivre comme des jeunes et s\u2019\u00e9clater. Bienvenue dans leur \u201c\u00e2ge b\u00eate\u201d.\u00a0\u00bb<\/p>\n","protected":false},"excerpt":{"rendered":"Il va falloir patienter pour les voir mais Mich\u00e8le Laroque et Kad Merad passeront bien par la Loire&hellip;\n","protected":false},"author":2,"featured_media":464650,"comment_status":"","ping_status":"","sticky":false,"template":"","format":"standard","meta":{"footnotes":""},"categories":[9653],"tags":[1111,11,2430,1687,16734,7539,1777,674,1011,27,3367,12,25,9838,20195,4001,3140],"class_list":{"0":"post-464649","1":"post","2":"type-post","3":"status-publish","4":"format-standard","5":"has-post-thumbnail","7":"category-saint-etienne","8":"tag-actu","9":"tag-actualites","10":"tag-auvergne-rhone-alpes","11":"tag-culture-loisirs","12":"tag-edition-loire-nord","13":"tag-edition-loire-sud","14":"tag-eu","15":"tag-europe","16":"tag-fr","17":"tag-france","18":"tag-loire","19":"tag-news","20":"tag-republique-francaise","21":"tag-roanne","22":"tag-roanne-ville","23":"tag-saint-etienne","24":"tag-spectacle"},"share_on_mastodon":{"url":"https:\/\/pubeurope.com\/@fr\/115377667104157694","error":""},"_links":{"self":[{"href":"https:\/\/www.europesays.com\/fr\/wp-json\/wp\/v2\/posts\/464649","targetHints":{"allow":["GET"]}}],"collection":[{"href":"https:\/\/www.europesays.com\/fr\/wp-json\/wp\/v2\/posts"}],"about":[{"href":"https:\/\/www.europesays.com\/fr\/wp-json\/wp\/v2\/types\/post"}],"author":[{"embeddable":true,"href":"https:\/\/www.europesays.com\/fr\/wp-json\/wp\/v2\/users\/2"}],"replies":[{"embeddable":true,"href":"https:\/\/www.europesays.com\/fr\/wp-json\/wp\/v2\/comments?post=464649"}],"version-history":[{"count":0,"href":"https:\/\/www.europesays.com\/fr\/wp-json\/wp\/v2\/posts\/464649\/revisions"}],"wp:featuredmedia":[{"embeddable":true,"href":"https:\/\/www.europesays.com\/fr\/wp-json\/wp\/v2\/media\/464650"}],"wp:attachment":[{"href":"https:\/\/www.europesays.com\/fr\/wp-json\/wp\/v2\/media?parent=464649"}],"wp:term":[{"taxonomy":"category","embeddable":true,"href":"https:\/\/www.europesays.com\/fr\/wp-json\/wp\/v2\/categories?post=464649"},{"taxonomy":"post_tag","embeddable":true,"href":"https:\/\/www.europesays.com\/fr\/wp-json\/wp\/v2\/tags?post=464649"}],"curies":[{"name":"wp","href":"https:\/\/api.w.org\/{rel}","templated":true}]}}