{"id":464667,"date":"2025-10-15T10:28:12","date_gmt":"2025-10-15T10:28:12","guid":{"rendered":"https:\/\/www.europesays.com\/fr\/464667\/"},"modified":"2025-10-15T10:28:12","modified_gmt":"2025-10-15T10:28:12","slug":"grenoble-deja-present-a-neyrpic-le-glacier-moustache-va-sinstaller-en-centre-ville","status":"publish","type":"post","link":"https:\/\/www.europesays.com\/fr\/464667\/","title":{"rendered":"Grenoble. D\u00e9j\u00e0 pr\u00e9sent \u00e0 Neyrpic, le glacier Moustache va s&rsquo;installer en centre-ville"},"content":{"rendered":"<p>C\u2019est un des emplacements les plus strat\u00e9giques de Grenoble. Depuis le d\u00e9part pour Neyrpic de <a href=\"https:\/\/www.ledauphine.com\/economie\/2025\/07\/13\/une-nouvelle-boutique-quitte-le-centre-ville-pour-s-installer-a-neyrpic-l-adjoint-aux-commerces-reagit-malheureusement-notre-prophetie-est-devenue-une-realite\" target=\"_blank\" rel=\"noopener\">l\u2019enseigne de cosm\u00e9tiques Mac<\/a>, les locaux situ\u00e9s entre le boulevard \u00c9douard-Rey et la place Victor-Hugo, \u00e9taient laiss\u00e9s vacants. Ils seront repris au 1er \u00a0avril 2026 par le glacier Moustache, d\u00e9j\u00e0 pr\u00e9sent au centre commercial Neyrpic \u00e0 Saint-Martin-d\u2019H\u00e8res\u00a0; l\u2019enseigne sera donc doublement pr\u00e9sente sur le territoire.<\/p>\n<p>\u00ab\u00a0Notre boutique \u00e0 Neyrpic est petite et nous avions envie d\u2019avoir un autre espace, plus grand, pour y installer un salon de th\u00e9\u00a0\u00bb, pr\u00e9cise le g\u00e9rant. Outre les glaces, Moustache proposera donc des cr\u00eapes, des gaufres et des viennoiseries.<\/p>\n<p>Cr\u00e9\u00e9e en 1992, cette soci\u00e9t\u00e9 bas\u00e9e \u00e0 Saint-Malo propose des glaces artisanales. En 2020, sa glace \u201cVanille Bourbon de Madagascar\u201d a \u00e9t\u00e9 \u00e9lue parmi les 10 meilleures glaces vanille France par le c\u00e9l\u00e8bre guide Gault &amp; Millau. La nouvelle enseigne rejoint donc dans ce quartier Amorino et H\u00e4agen-Dazs et un peu plus loin\u00a0: <a href=\"https:\/\/www.ledauphine.com\/economie\/2025\/08\/08\/isere-grenoble-comment-trouver-une-vraie-glace-artisanale-au-centre-ville\" target=\"_blank\" rel=\"noopener\">Banquiz, Les Glaces du Dauphin\u00e9, Cr\u00e8me Croquante<\/a> \u2026<\/p>\n<p>Ce contenu est bloqu\u00e9 car vous n&rsquo;avez pas accept\u00e9 les cookies et autres traceurs.<\/p>\n<p>En cliquant sur \u00ab J\u2019accepte \u00bb, les cookies et autres traceurs seront d\u00e9pos\u00e9s et vous pourrez visualiser les contenus  (<a href=\"\" class=\"consentModule_policy\" target=\"_blank\" title=\"Consulter la politique de protection des donn\u00e9es du fournisseur\">plus d&rsquo;informations<\/a>).<\/p>\n<p>En cliquant sur \u00ab J\u2019accepte tous les cookies \u00bb, vous autorisez des d\u00e9p\u00f4ts de cookies et autres traceurs pour le stockage de vos donn\u00e9es sur nos sites et applications \u00e0 des fins de personnalisation et de ciblage publicitaire.<\/p>\n<p class=\"consentModule_secondaryText\">Vous gardez la possibilit\u00e9 de retirer votre consentement \u00e0 tout moment en consultant notre <a href=\"https:\/\/www.ledauphine.com\/protection-des-donnees\" target=\"_blank\" title=\"Consulter notre politique de protection des donn\u00e9es\" rel=\"noopener\">politique de protection des donn\u00e9es<\/a>. <br \/>&#13;<br \/>\n            <a href=\"https:\/\/www.ledauphine.com\/economie\/2025\/10\/15\/javascript:Didomi.notice.show()\" class=\"consentModule_cmp\" target=\"_blank\" rel=\"noopener\">G\u00e9rer mes choix<\/a>&#13;\n        <\/p>\n<p>&#13;<br \/>\n                        J&rsquo;accepte&#13;<br \/>\n            J&rsquo;accepte tous les cookies&#13;\n        <\/p>\n","protected":false},"excerpt":{"rendered":"C\u2019est un des emplacements les plus strat\u00e9giques de Grenoble. Depuis le d\u00e9part pour Neyrpic de l\u2019enseigne de cosm\u00e9tiques&hellip;\n","protected":false},"author":2,"featured_media":464668,"comment_status":"","ping_status":"","sticky":false,"template":"","format":"standard","meta":{"footnotes":""},"categories":[9566],"tags":[1111,11,2430,4406,33,112,1777,674,1011,27,2731,2732,108,12,25],"class_list":{"0":"post-464667","1":"post","2":"type-post","3":"status-publish","4":"format-standard","5":"has-post-thumbnail","7":"category-grenoble","8":"tag-actu","9":"tag-actualites","10":"tag-auvergne-rhone-alpes","11":"tag-commerce-et-services","12":"tag-economie","13":"tag-edition-grenoble-agglomeration","14":"tag-eu","15":"tag-europe","16":"tag-fr","17":"tag-france","18":"tag-grenoble","19":"tag-grenoble-bassin","20":"tag-isere","21":"tag-news","22":"tag-republique-francaise"},"share_on_mastodon":{"url":"https:\/\/pubeurope.com\/@fr\/115377714258941850","error":""},"_links":{"self":[{"href":"https:\/\/www.europesays.com\/fr\/wp-json\/wp\/v2\/posts\/464667","targetHints":{"allow":["GET"]}}],"collection":[{"href":"https:\/\/www.europesays.com\/fr\/wp-json\/wp\/v2\/posts"}],"about":[{"href":"https:\/\/www.europesays.com\/fr\/wp-json\/wp\/v2\/types\/post"}],"author":[{"embeddable":true,"href":"https:\/\/www.europesays.com\/fr\/wp-json\/wp\/v2\/users\/2"}],"replies":[{"embeddable":true,"href":"https:\/\/www.europesays.com\/fr\/wp-json\/wp\/v2\/comments?post=464667"}],"version-history":[{"count":0,"href":"https:\/\/www.europesays.com\/fr\/wp-json\/wp\/v2\/posts\/464667\/revisions"}],"wp:featuredmedia":[{"embeddable":true,"href":"https:\/\/www.europesays.com\/fr\/wp-json\/wp\/v2\/media\/464668"}],"wp:attachment":[{"href":"https:\/\/www.europesays.com\/fr\/wp-json\/wp\/v2\/media?parent=464667"}],"wp:term":[{"taxonomy":"category","embeddable":true,"href":"https:\/\/www.europesays.com\/fr\/wp-json\/wp\/v2\/categories?post=464667"},{"taxonomy":"post_tag","embeddable":true,"href":"https:\/\/www.europesays.com\/fr\/wp-json\/wp\/v2\/tags?post=464667"}],"curies":[{"name":"wp","href":"https:\/\/api.w.org\/{rel}","templated":true}]}}