{"id":464681,"date":"2025-10-15T10:35:12","date_gmt":"2025-10-15T10:35:12","guid":{"rendered":"https:\/\/www.europesays.com\/fr\/464681\/"},"modified":"2025-10-15T10:35:12","modified_gmt":"2025-10-15T10:35:12","slug":"imbroglio-judiciaire-autour-du-port-darmes-dun-champion-de-tir-handisport","status":"publish","type":"post","link":"https:\/\/www.europesays.com\/fr\/464681\/","title":{"rendered":"imbroglio judiciaire autour du port d&rsquo;armes d&rsquo;un champion de tir handisport"},"content":{"rendered":"<p>            Par<br \/>\n        <strong><br \/>\n            <a href=\"https:\/\/actu.fr\/auteur\/bertrand-parent\" title=\"Consulter tous les articles de Bertrand Parent\" rel=\"nofollow noopener\" target=\"_blank\">Bertrand Parent<\/a><br \/>\n        <\/strong><\/p>\n<p>        Publi\u00e9 le<\/p>\n<p>            15 oct. 2025 \u00e0 11h19        <\/p>\n<p>En 2021, Eric, un habitant de <a href=\"https:\/\/actu.fr\/bretagne\/locqueltas_56120\" rel=\"nofollow noopener\" target=\"_blank\">Locqueltas<\/a>, pr\u00e9sident de l\u2019association Action Nationale Handicap (ANH) et \u00ab animateur \u00bb au sein de la soci\u00e9t\u00e9 de tir l\u2019Impact \u00e0 Vannes, avait vu le refus de renouvellement de son port d\u2019arme en 2019 <b>jug\u00e9 ill\u00e9gal <\/b>par le tribunal administratif de Rennes en 2021, les juges estimant la d\u00e9cision \u00ab insuffisamment motiv\u00e9e \u00bb.<\/p>\n<p>Un refus de renouvellement\u00a0 \u00ab\u00a0insuffisamment motiv\u00e9e\u00a0\u00bb<\/p>\n<p class=\" wall-content\">Mais Eric avait malgr\u00e9 tout d\u00fb, entre-temps, \u00ab se dessaisir \u00bb de son revolver <b>Manurhin MR 73<\/b> et de son pistolet <b>CZ 97 B<\/b> en d\u00e9pit des \u00ab avis favorables du pr\u00e9sident de la Ligue r\u00e9gionale de tir de Bretagne \u00bb et de \u00ab l\u2019absence de condamnation \u00bb ou d\u2019inscription au Fichier national des interdits d\u2019acquisition et de d\u00e9tention d\u2019armes (FINIADA).<\/p>\n<p class=\" wall-content\">En f\u00e9vrier\u00a02024, pourtant, les juges avaient <b>refus\u00e9 de condamner la pr\u00e9fecture du Morbihan<\/b> \u00e0 octroyer les 8 000\u00a0\u20ac de d\u00e9dommagements que lui r\u00e9clame Eric. \u00ab Les autorisations [\u2026] de d\u00e9tention des armes dont le renouvellement a \u00e9t\u00e9 refus\u00e9 avaient une p\u00e9riode de validit\u00e9 allant du 19\u00a0juillet 2014 au 9\u00a0juillet 2019 \u00bb, avait justifi\u00e9 les magistrats rennais pour rejeter sa demande d\u2019indemnisation. Eric \u00ab a pr\u00e9sent\u00e9 sa demande [\u2026] moins d\u2019un mois avant l\u2019expiration. \u00bb, expliquaient les juges. Or, une telle demande de renouvellement doit \u00eatre \u00ab d\u00e9pos\u00e9e au plus tard trois mois avant la date d\u2019expiration de l\u2019autorisation \u00bb, pr\u00e9voit le code de la s\u00e9curit\u00e9 int\u00e9rieure (CSI).<\/p>\n<p>    <img   decoding=\"async\" loading=\"lazy\" class=\"size-large\" src=\"https:\/\/www.europesays.com\/fr\/wp-content\/uploads\/2025\/10\/a334449c4fe860834449c4fe83c344v-960x640.jpg\" alt=\"Manhurin MR73\" width=\"960\" height=\"640\"\/><br \/>\n    Parmi les armes dont le plaignant a d\u00fb se d\u00e9barrasser, un Manurhin MR73 de ce type, une arme notamment utilis\u00e9e par le GIGN. \u00a9DRUne des rares activit\u00e9s que son invalidit\u00e9 lui permet d\u2019exercer<\/p>\n<p class=\" wall-content\">Eric a donc fait appel : il maintient que \u00ab l\u2019ill\u00e9galit\u00e9 fautive \u00bb des d\u00e9cisions du pr\u00e9fet du Morbihan en 2019 lui a caus\u00e9 pr\u00e8s de <b>5 000 \u20ac de pr\u00e9judice financier<\/b> puisqu\u2019il a \u00ab vendu \u00bb contre son gr\u00e9 ses deux \u00ab armes de collection \u00bb et qu\u2019il \u00ab ne dispose plus d\u2019une capacit\u00e9 financi\u00e8re \u00bb, \u00e0 pr\u00e9sent, pour les racheter. Cela lui a aussi caus\u00e9 un \u00ab<b> pr\u00e9judice moral <\/b>\u00bb : il a \u00e9t\u00e9 \u00ab priv\u00e9 de l\u2019une des rares activit\u00e9s de loisir que son invalidit\u00e9 au taux \u00e0 80 % lui permet d\u2019exercer \u00bb, avait-il d\u00e9j\u00e0 expliqu\u00e9 en premi\u00e8re instance au tribunal administratif de Rennes.<\/p>\n<p>Sp\u00e9cialiste du tir \u00e0 25 m<\/p>\n<p class=\" wall-content\">Sp\u00e9cialiste du tir au pistolet \u00e0 25\u00a0m\u00e8tres, ce b\u00e9n\u00e9ficiaire de l\u2019Allocation aux adultes handicap\u00e9s (AAH) \u00e9tait \u00e9galement \u00e9t\u00e9 \u00ab priv\u00e9 de la possibilit\u00e9 de participer \u00e0 des comp\u00e9titions \u00bb et cela avait port\u00e9 \u00ab <b>atteinte \u00e0 sa r\u00e9putation<\/b> \u00bb ; sa m\u00e8re Genevi\u00e8ve s\u2019\u00e9tait jointe \u00e0 sa requ\u00eate indemnitaire pour le m\u00eame motif puisqu\u2019elle est \u00ab membre du club de tir avec son fils \u00bb.<\/p>\n<p>Vid\u00e9os : en ce moment sur ActuLe refus d\u2019entrer dans une \u00ab mutinerie ill\u00e9gale \u00bb<\/p>\n<p class=\" wall-content\">Le rapporteur public, dont les avis sont souvent suivis par les juges, a n\u00e9anmoins propos\u00e9 de rejeter \u00e0 nouveau leur requ\u00eate : l\u2019administration n\u2019a \u00ab pas induit en erreur \u00bb le champion de tir sportif et \u00ab <b>aucune faute<\/b> \u00bb n\u2019a \u00e9t\u00e9 commise sur le fond du dossier. \u00ab Le pr\u00e9fet aurait pu prendre la d\u00e9cision en se fondant sur les dispositions du code de la s\u00e9curit\u00e9 int\u00e9rieure \u00bb, a-t-il dit. \u00ab Le lien de causalit\u00e9 entre l\u2019ill\u00e9galit\u00e9 de la d\u00e9cision [pour une question de forme, ndlr] et le pr\u00e9judice ne peut \u00eatre regard\u00e9 comme \u00e9tabli. \u00bb<\/p>\n<p class=\" wall-content\">L\u2019avocat d\u2019Eric, Me Wistan Plateaux, n\u2019a pas exclu de produire une \u00ab note en d\u00e9lib\u00e9r\u00e9 \u00bb pour compl\u00e9ter son argumentation \u00e9crite devant la cour.<\/p>\n<p>Votre r\u00e9gion, votre actu !<\/p>\n<p>Recevez chaque jour les infos qui comptent pour vous.<\/p>\n<p>\t<a href=\"https:\/\/actu.fr\/newsletter\" class=\"ac-btn ac-btn--corner ac-btn--medium ac-btn--blue800\" rel=\"nofollow noopener\" target=\"_blank\">S&rsquo;incrire<\/a><br \/>\nDeux fois vice-champion de France<\/p>\n<p class=\" wall-content\">Son client, qui avait fait le d\u00e9placement \u00e0 l\u2019audience \u00e0 Nantes, a rappel\u00e9 pour sa part qu\u2019il n\u2019avait \u00ab fait que suivre les directives du pr\u00e9fet \u00bb en se s\u00e9parant de ses armes. \u00ab Si je refusais de m\u2019en dessaisir, je rentrais dans une <b>mutinerie ill\u00e9gale <\/b>\u00bb a expliqu\u00e9 ce \u00ab <b>petit-fils de militaire<\/b> \u00bb et \u00ab fils d\u2019un colonel au protocole du chef des Arm\u00e9es \u00bb qui \u00ab repr\u00e9sente la France \u00e0 l\u2019international \u00bb dans des comp\u00e9titions et \u00ab aurait d\u00fb rentrer en <b>\u00e9quipe de France <\/b>\u00bb. Il a en effet \u00e9t\u00e9 \u00ab deux fois vice-champion de France \u00bb et a \u00ab plusieurs fois class\u00e9 3e \u00bb. La cour administrative d\u2019appel de Nantes, qui a mis sa d\u00e9cision en d\u00e9lib\u00e9r\u00e9, rendra son arr\u00eat dans un mois.<\/p>\n<p class=\" wall-content\">Personnalisez votre actualit\u00e9 en ajoutant vos villes et m\u00e9dias en favori avec <a href=\"https:\/\/moncompte.actu.fr\" title=\"D\u00e9couvez Mon Actu\" rel=\"nofollow noopener\" data-trk=\"{&quot;cta&quot;:{&quot;action&quot;:&quot;https:\\\/\\\/moncompte.actu.fr&quot;,&quot;category&quot;:&quot;mon compte&quot;,&quot;from&quot;:&quot;article footer&quot;,&quot;name&quot;:&quot;Mon actu&quot;,&quot;type&quot;:&quot;cta&quot;}}\" target=\"_blank\">Mon Actu<\/a>.<\/p>\n","protected":false},"excerpt":{"rendered":"Par Bertrand Parent Publi\u00e9 le 15 oct. 2025 \u00e0 11h19 En 2021, Eric, un habitant de Locqueltas, pr\u00e9sident&hellip;\n","protected":false},"author":2,"featured_media":464682,"comment_status":"","ping_status":"","sticky":false,"template":"","format":"standard","meta":{"footnotes":""},"categories":[2818],"tags":[1111,11,1777,674,118,1011,27,1943,303,766,12,2636,25],"class_list":{"0":"post-464681","1":"post","2":"type-post","3":"status-publish","4":"format-standard","5":"has-post-thumbnail","7":"category-nantes","8":"tag-actu","9":"tag-actualites","10":"tag-eu","11":"tag-europe","12":"tag-faits-divers","13":"tag-fr","14":"tag-france","15":"tag-handicap","16":"tag-justice","17":"tag-nantes","18":"tag-news","19":"tag-pays-de-la-loire","20":"tag-republique-francaise"},"share_on_mastodon":{"url":"https:\/\/pubeurope.com\/@fr\/115377742257415907","error":""},"_links":{"self":[{"href":"https:\/\/www.europesays.com\/fr\/wp-json\/wp\/v2\/posts\/464681","targetHints":{"allow":["GET"]}}],"collection":[{"href":"https:\/\/www.europesays.com\/fr\/wp-json\/wp\/v2\/posts"}],"about":[{"href":"https:\/\/www.europesays.com\/fr\/wp-json\/wp\/v2\/types\/post"}],"author":[{"embeddable":true,"href":"https:\/\/www.europesays.com\/fr\/wp-json\/wp\/v2\/users\/2"}],"replies":[{"embeddable":true,"href":"https:\/\/www.europesays.com\/fr\/wp-json\/wp\/v2\/comments?post=464681"}],"version-history":[{"count":0,"href":"https:\/\/www.europesays.com\/fr\/wp-json\/wp\/v2\/posts\/464681\/revisions"}],"wp:featuredmedia":[{"embeddable":true,"href":"https:\/\/www.europesays.com\/fr\/wp-json\/wp\/v2\/media\/464682"}],"wp:attachment":[{"href":"https:\/\/www.europesays.com\/fr\/wp-json\/wp\/v2\/media?parent=464681"}],"wp:term":[{"taxonomy":"category","embeddable":true,"href":"https:\/\/www.europesays.com\/fr\/wp-json\/wp\/v2\/categories?post=464681"},{"taxonomy":"post_tag","embeddable":true,"href":"https:\/\/www.europesays.com\/fr\/wp-json\/wp\/v2\/tags?post=464681"}],"curies":[{"name":"wp","href":"https:\/\/api.w.org\/{rel}","templated":true}]}}