{"id":464701,"date":"2025-10-15T10:45:12","date_gmt":"2025-10-15T10:45:12","guid":{"rendered":"https:\/\/www.europesays.com\/fr\/464701\/"},"modified":"2025-10-15T10:45:12","modified_gmt":"2025-10-15T10:45:12","slug":"cette-boutique-lyonnaise-met-a-lhonneur-lunivers-de-ce-celebre-roman","status":"publish","type":"post","link":"https:\/\/www.europesays.com\/fr\/464701\/","title":{"rendered":"Cette boutique lyonnaise met \u00e0 l\u2019honneur l\u2019univers de ce c\u00e9l\u00e8bre roman"},"content":{"rendered":"<p>La boutique de cr\u00e9atrices Les Ateliers Romarin, situ\u00e9e dans le 1er arrondissement de Lyon, lance un nouveau concept in\u00e9dit. D\u00e8s ce mercredi, le magasin se m\u00e9tamorphose pour un mois afin de mettre \u00e0 l\u2019honneur l\u2019univers du roman\u00a0Alice aux pays des merveilles de <strong>Lewis Carroll<\/strong>. L\u2019occasion de basculer de l\u2019autre c\u00f4t\u00e9 du miroir et de se plonger dans le monde de l\u2019imaginaire durant quatre semaines.<\/p>\n<p>Ce sont ainsi neuf artisanes qui proposeront aux visiteurs de d\u00e9couvrir leurs diff\u00e9rentes cr\u00e9ations r\u00e9alis\u00e9es pour l\u2019occasion autour notamment du c\u00e9l\u00e8bre Lapin Blanc. A retrouver sur place : des bijoux \u00e0 la mode reine de c\u0153ur, des savons ensorcel\u00e9s, des bougies envo\u00fbtantes, des c\u00e9ramiques, des carnets \u00e0 id\u00e9es myst\u00e9rieuses, des lampes enchant\u00e9es, des doudous malicieux ou encore des accessoires de table fa\u00e7on chapelier fou.<\/p>\n<p>A noter l\u2019organisation ce mercredi d\u2019un Tea Time d\u2019inauguration. Le rendez-vous est donn\u00e9 au 15 rue Romarin \u00e0 partir de 18h avec des rencontres et des surprises.<\/p>\n<blockquote class=\"instagram-media\" style=\"background: #FFF; border: 0; border-radius: 3px; box-shadow: 0 0 1px 0 rgba(0,0,0,0.5),0 1px 10px 0 rgba(0,0,0,0.15); margin: 1px; max-width: 540px; min-width: 326px; padding: 0; width: calc(100% - 2px);\" data-instgrm-captioned=\"\" data-instgrm-permalink=\"https:\/\/www.instagram.com\/p\/DO8QqiGjNAR\/?utm_source=ig_embed&amp;utm_campaign=loading\" data-instgrm-version=\"14\"><p>&#13;<br \/>\n&#13;\n<\/p><\/blockquote>\n<p>\t\t  <script async src=\"\/\/www.instagram.com\/embed.js\"><\/script><\/p>\n","protected":false},"excerpt":{"rendered":"La boutique de cr\u00e9atrices Les Ateliers Romarin, situ\u00e9e dans le 1er arrondissement de Lyon, lance un nouveau concept&hellip;\n","protected":false},"author":2,"featured_media":464702,"comment_status":"","ping_status":"","sticky":false,"template":"","format":"standard","meta":{"footnotes":""},"categories":[1889],"tags":[1111,11,2813,2190,2430,1109,251,1112,2811,1777,674,118,1294,4651,1011,27,1922,1110,1114,2428,4903,4902,12,241,316,25,2812,517,800],"class_list":{"0":"post-464701","1":"post","2":"type-post","3":"status-publish","4":"format-standard","5":"has-post-thumbnail","7":"category-lyon","8":"tag-actu","9":"tag-actualites","10":"tag-article","11":"tag-asvel","12":"tag-auvergne-rhone-alpes","13":"tag-breves","14":"tag-culture","15":"tag-depeches","16":"tag-economique","17":"tag-eu","18":"tag-europe","19":"tag-faits-divers","20":"tag-femme","21":"tag-femmes","22":"tag-fr","23":"tag-france","24":"tag-info","25":"tag-informations","26":"tag-infos","27":"tag-lyon","28":"tag-lyonfemme","29":"tag-lyonfemmes","30":"tag-news","31":"tag-ol","32":"tag-politique","33":"tag-republique-francaise","34":"tag-sociale","35":"tag-sport","36":"tag-transports"},"share_on_mastodon":{"url":"https:\/\/pubeurope.com\/@fr\/115377781070512984","error":""},"_links":{"self":[{"href":"https:\/\/www.europesays.com\/fr\/wp-json\/wp\/v2\/posts\/464701","targetHints":{"allow":["GET"]}}],"collection":[{"href":"https:\/\/www.europesays.com\/fr\/wp-json\/wp\/v2\/posts"}],"about":[{"href":"https:\/\/www.europesays.com\/fr\/wp-json\/wp\/v2\/types\/post"}],"author":[{"embeddable":true,"href":"https:\/\/www.europesays.com\/fr\/wp-json\/wp\/v2\/users\/2"}],"replies":[{"embeddable":true,"href":"https:\/\/www.europesays.com\/fr\/wp-json\/wp\/v2\/comments?post=464701"}],"version-history":[{"count":0,"href":"https:\/\/www.europesays.com\/fr\/wp-json\/wp\/v2\/posts\/464701\/revisions"}],"wp:featuredmedia":[{"embeddable":true,"href":"https:\/\/www.europesays.com\/fr\/wp-json\/wp\/v2\/media\/464702"}],"wp:attachment":[{"href":"https:\/\/www.europesays.com\/fr\/wp-json\/wp\/v2\/media?parent=464701"}],"wp:term":[{"taxonomy":"category","embeddable":true,"href":"https:\/\/www.europesays.com\/fr\/wp-json\/wp\/v2\/categories?post=464701"},{"taxonomy":"post_tag","embeddable":true,"href":"https:\/\/www.europesays.com\/fr\/wp-json\/wp\/v2\/tags?post=464701"}],"curies":[{"name":"wp","href":"https:\/\/api.w.org\/{rel}","templated":true}]}}