{"id":464713,"date":"2025-10-15T10:51:10","date_gmt":"2025-10-15T10:51:10","guid":{"rendered":"https:\/\/www.europesays.com\/fr\/464713\/"},"modified":"2025-10-15T10:51:10","modified_gmt":"2025-10-15T10:51:10","slug":"notre-piece-fetiche-a-adopter","status":"publish","type":"post","link":"https:\/\/www.europesays.com\/fr\/464713\/","title":{"rendered":"notre pi\u00e8ce f\u00e9tiche \u00e0 adopter"},"content":{"rendered":"<p>ParisSelect &#8211; Monoprix signe avec La Veste une collab d\u00e9co ultra-r\u00e9tro : notre pi\u00e8ce f\u00e9tiche \u00e0 adopter<\/p>\n<p>Monoprix signe une <a href=\"https:\/\/www.parisselectbook.com\/2025\/08\/28\/paul-smith-x-oasis-une-collection-capsule-entre-rock-britannique-et-elegance-a-decouvrir-a-paris\/\" target=\"_blank\" rel=\"noopener\">capsule d\u00e9co<\/a> avec <strong>La Veste<\/strong> qui r\u00e9veille la maison. L\u2019esprit est joyeux, r\u00e9tro et assum\u00e9, avec des motifs graphiques et des couleurs franches. Ainsi, on retrouve une esth\u00e9tique qui fait sourire d\u00e8s le pas de la porte.<\/p>\n<p>Un parti pris r\u00e9tro qui fait sens chez soi<\/p>\n<p>La Veste est connue pour son go\u00fbt des pi\u00e8ces intemporelles et du <a href=\"https:\/\/www.parisselectbook.com\/2025\/10\/14\/ce-village-secret-en-france-attire-les-fashionistas-du-monde-entier-grace-a-ses-createurs-locaux-et-boutiques-vintage\/\" target=\"_blank\" rel=\"noopener\">vintage<\/a> chic. Ici, ce regard s\u2019applique \u00e0 la maison avec des formes simples et des motifs forts. De plus, les textures ajoutent du relief sans alourdir l\u2019ensemble. Le r\u00e9sultat se lit dans des objets faciles \u00e0 vivre, pens\u00e9s pour durer.<\/p>\n<p>Au programme, des rayures, un <a href=\"https:\/\/www.parisselectbook.com\/2025\/10\/01\/le-grand-palais-immersif-se-transforme-en-un-gigantesque-terrain-de-jeux-interactifs\/\" target=\"_blank\" rel=\"noopener\"><strong>damier<\/strong><\/a> net, parfois une touche de vichy. Pourtant, rien n\u2019est fig\u00e9, car le mix des formats adoucit les contrastes. Aussi, l\u2019ensemble reste lumineux et chaleureux. Chez Monoprix, cette attitude graphique s\u2019adresse autant aux novices qu\u2019aux passionn\u00e9s.<\/p>\n<p>La collection est propos\u00e9e en magasin et en ligne, selon les informations de l\u2019enseigne. D\u2019ailleurs, l\u2019\u00e9dition se veut <strong>capsule<\/strong>, ce qui favorise un rythme d\u2019achat raisonn\u00e9. Par ailleurs, les pi\u00e8ces cherchent un \u00e9quilibre entre <a href=\"https:\/\/www.parisselectbook.com\/2025\/10\/14\/brigitte-macron-en-dior-le-style-qui-interroge-paris-en-2025\/\" target=\"_blank\" rel=\"noopener\">style<\/a> et praticit\u00e9. On sent le souci du d\u00e9tail dans les finitions.<\/p>\n<blockquote>\n<p>\u00ab Une capsule r\u00e9tro qui met de bonne humeur du matin au soir. \u00bb<\/p>\n<\/blockquote>\n<p>Les pi\u00e8ces phares \u00e0 guetter<\/p>\n<p><strong>Monoprix x La Veste \u2014 Linge de maison graphique (Linge de maison).<\/strong> Des housses et torchons au look net, avec rayures et <strong>vichy<\/strong> qui dynamisent la cuisine et la chambre.<\/p>\n<p>Les formats sont \u00e9tudi\u00e9s pour les petits espaces. Ainsi, un plaid suffit \u00e0 animer un canap\u00e9 neutre. De plus, un coussin en damier apporte du rythme \u00e0 un lit uni. Le tout s\u2019assemble sans effort pour un effet tr\u00e8s clair.<\/p>\n<ul>\n<li>Motifs iconiques: <strong>rayures, vichy, damier<\/strong><\/li>\n<li>Couleurs franches, faciles \u00e0 associer<\/li>\n<li>Objets du quotidien pens\u00e9s pour durer<\/li>\n<li>Formats malins pour petits espaces<\/li>\n<li>Capsule d\u00e9co au style r\u00e9tro assum\u00e9<\/li>\n<\/ul>\n<p>La patte La Veste au service de la maison<\/p>\n<p>Le duo derri\u00e8re La Veste cultive un \u0153il pr\u00e9cis pour les r\u00e9f\u00e9rences <strong>ann\u00e9es 60-70<\/strong>. Ainsi, la capsule distille cette \u00e9nergie sans pasticher. En revanche, chaque pi\u00e8ce poss\u00e8de une utilit\u00e9 claire. Monoprix y voit une option d\u00e9co simple \u00e0 adopter au quotidien.<\/p>\n<p><strong>Monoprix x La Veste \u2014 Vaisselle pleine de charme (Vaisselle).<\/strong> Assiettes et bols aux bords soulign\u00e9s, verres color\u00e9s, petits plats qui transforment la table en sc\u00e8ne conviviale.<\/p>\n<p>Les mati\u00e8res sont rassurantes: coton pour le linge, c\u00e9ramique pour la table. Aussi, la palette s\u2019articule autour de tons tendres relev\u00e9s par des accents vifs. Par cons\u00e9quent, la maison gagne en caract\u00e8re sans lourdeur. Monoprix propose ainsi une porte d\u2019entr\u00e9e accessible vers une d\u00e9co plus personnelle.<\/p>\n<p>Conseils pour marier la capsule chez soi<\/p>\n<p>D\u2019abord, choisissez une base neutre pour laisser parler les motifs. Ensuite, ajoutez une touche graphique par zone: un coussin ici, un set de table l\u00e0. De plus, pensez au rythme visuel entre salon et cuisine. L\u2019harmonie na\u00eet d\u2019un \u00e9cho discret, pas d\u2019un total look.<\/p>\n<p><strong>Monoprix x La Veste \u2014 Petites lampes color\u00e9es (Luminaire).<\/strong> Mini formats en jaune, rouge, bleu et vert, qui posent une ambiance douce sur une table d\u2019appoint ou une \u00e9tag\u00e8re.<\/p>\n<p>Disponibilit\u00e9s et rep\u00e8res pratiques<\/p>\n<p>La capsule est annonc\u00e9e en quantit\u00e9 mesur\u00e9e, avec une diffusion en magasins et sur le site de Monoprix. Ainsi, un rep\u00e9rage rapide peut s\u2019av\u00e9rer utile. Par ailleurs, certaines r\u00e9f\u00e9rences pourraient partir vite selon les tailles et coloris. Un passage r\u00e9gulier en boutique aide \u00e0 suivre les r\u00e9assorts.<\/p>\n<p>Les tarifs se situent dans l\u2019esprit maison de l\u2019enseigne, avec une promesse de style sans surcharge. Aussi, la fabrication met en avant des mati\u00e8res faciles d\u2019entretien. Par cons\u00e9quent, la capsule s\u2019adresse aux foyers press\u00e9s qui aiment les objets fiables. Monoprix mise ici sur le confort au quotidien.<\/p>\n<p>Pour un premier pas, commencez par la table ou un coin lecture. Ensuite, compl\u00e9tez avec un textile graphique pour lier les pi\u00e8ces. De plus, une lampe color\u00e9e cr\u00e9e un point focal rassurant le soir. Monoprix signe ainsi une proposition simple, joyeuse et tr\u00e8s lisible pour nos int\u00e9rieurs.<\/p>\n","protected":false},"excerpt":{"rendered":"ParisSelect &#8211; Monoprix signe avec La Veste une collab d\u00e9co ultra-r\u00e9tro : notre pi\u00e8ce f\u00e9tiche \u00e0 adopter Monoprix&hellip;\n","protected":false},"author":2,"featured_media":464714,"comment_status":"","ping_status":"","sticky":false,"template":"","format":"standard","meta":{"footnotes":""},"categories":[1888],"tags":[11,1777,674,1011,27,34256,12,626,25],"class_list":{"0":"post-464713","1":"post","2":"type-post","3":"status-publish","4":"format-standard","5":"has-post-thumbnail","7":"category-paris","8":"tag-actualites","9":"tag-eu","10":"tag-europe","11":"tag-fr","12":"tag-france","13":"tag-monoprix","14":"tag-news","15":"tag-paris","16":"tag-republique-francaise"},"share_on_mastodon":{"url":"https:\/\/pubeurope.com\/@fr\/115377804940951941","error":""},"_links":{"self":[{"href":"https:\/\/www.europesays.com\/fr\/wp-json\/wp\/v2\/posts\/464713","targetHints":{"allow":["GET"]}}],"collection":[{"href":"https:\/\/www.europesays.com\/fr\/wp-json\/wp\/v2\/posts"}],"about":[{"href":"https:\/\/www.europesays.com\/fr\/wp-json\/wp\/v2\/types\/post"}],"author":[{"embeddable":true,"href":"https:\/\/www.europesays.com\/fr\/wp-json\/wp\/v2\/users\/2"}],"replies":[{"embeddable":true,"href":"https:\/\/www.europesays.com\/fr\/wp-json\/wp\/v2\/comments?post=464713"}],"version-history":[{"count":0,"href":"https:\/\/www.europesays.com\/fr\/wp-json\/wp\/v2\/posts\/464713\/revisions"}],"wp:featuredmedia":[{"embeddable":true,"href":"https:\/\/www.europesays.com\/fr\/wp-json\/wp\/v2\/media\/464714"}],"wp:attachment":[{"href":"https:\/\/www.europesays.com\/fr\/wp-json\/wp\/v2\/media?parent=464713"}],"wp:term":[{"taxonomy":"category","embeddable":true,"href":"https:\/\/www.europesays.com\/fr\/wp-json\/wp\/v2\/categories?post=464713"},{"taxonomy":"post_tag","embeddable":true,"href":"https:\/\/www.europesays.com\/fr\/wp-json\/wp\/v2\/tags?post=464713"}],"curies":[{"name":"wp","href":"https:\/\/api.w.org\/{rel}","templated":true}]}}