{"id":464715,"date":"2025-10-15T10:52:12","date_gmt":"2025-10-15T10:52:12","guid":{"rendered":"https:\/\/www.europesays.com\/fr\/464715\/"},"modified":"2025-10-15T10:52:12","modified_gmt":"2025-10-15T10:52:12","slug":"comedies-musicales-a-paris-la-haine-chicago-la-cage-aux-folles-pensez-deja-a-reserver","status":"publish","type":"post","link":"https:\/\/www.europesays.com\/fr\/464715\/","title":{"rendered":"Com\u00e9dies musicales \u00e0 Paris\u00a0: \u00ab\u00a0la Haine\u00a0\u00bb, \u00ab\u00a0Chicago\u00a0\u00bb, \u00ab\u00a0la Cage aux folles\u00a0\u00bb\u2026 Pensez (d\u00e9j\u00e0) \u00e0 r\u00e9server\u00a0!"},"content":{"rendered":"<p class=\"paragraph text_align_left lp-f-body-02\">D\u2019ici No\u00ebl, de grosses machines vont d\u00e9ferler sur les sc\u00e8nes parisiennes. Avec une vingtaine de productions d\u2019ici \u00e0 la fin d\u2019ann\u00e9e, le genre de la com\u00e9die musicale s\u2019affiche partout dans la capitale.<\/p>\n<p class=\"paragraph text_align_left lp-f-body-02\"><b>\u00ab La Haine \u00bb.<\/b> <a href=\"https:\/\/www.leparisien.fr\/culture-loisirs\/sortir-region-parisienne\/on-a-vu-la-haine-en-comedie-musicale-le-pari-reussi-de-mathieu-kassovitz-11-10-2024-7Z3PFGHGWJAIVLWNWJRRMPDL44.php\" target=\"_blank\" rel=\"noreferrer noopener\">Mathieu Kassovitz<\/a> et ses \u00e9quipes sont parvenus \u00e0 livrer une version sc\u00e9nique puissante, pleine de souffle du film. Un r\u00e9cit fid\u00e8le qui passe par des titres percutants et in\u00e9dits sign\u00e9s Akhenaton, Clara Luciani, -M- ou Oxmo Puccino. Pas une simple adaptation, mais une version augment\u00e9e et charnelle.<\/p>\n<p class=\"paragraph text_align_left lp-f-body-02\"><a href=\"https:\/\/www.laseinemusicale.com\/spectacles-concerts\/la-haine-2025\/?gad_source=1&amp;gad_campaignid=20985882381&amp;gbraid=0AAAAAC8D6HNRy2H26-oRpaYjEoLyPoHZH&amp;gclid=EAIaIQobChMIlvXOrdShkAMVh8p5BB1HEAT8EAAYAiAAEgJjV_D_BwE\" target=\"_blank\" rel=\"noreferrer noopener\">La Seine Musicale<\/a> (Boulogne-Billancourt), du 7 novembre au 4 janvier. De 25 \u00e0 85 euros.<\/p>\n<p class=\"paragraph text_align_left lp-f-body-02\"><b>\u00ab Chicago \u00bb.<\/b> Un des plus grands hits de Broadway, revoici \u00ab Chicago \u00bb \u00e0 Paris, une affaire de meurtres, de cupidit\u00e9 et de corruption. Deux meurtri\u00e8res se croisent en prison et comptent sur leur avocat pour leur \u00e9viter la peine capitale. Une \u0153uvre de pr\u00e8s d\u2019un si\u00e8cle, un classique irr\u00e9sistible et d\u2019une modernit\u00e9 mordante. <a href=\"https:\/\/www.leparisien.fr\/culture-loisirs\/la-preparation-dune-sportive-de-haut-niveau-shym-bientot-a-laffiche-de-chicago-a-paris-04-06-2025-FYJICXBO7ZDEJDC2H3RZA77RK4.php\" target=\"_blank\" rel=\"noreferrer noopener\">Avec Shy\u2019m dans le r\u00f4le de Velma<\/a>.<\/p>\n<p class=\"paragraph text_align_left lp-f-body-02\"><a href=\"https:\/\/www.casinodeparis.fr\/fr\/Chicago-Le-Musical-Le-Spectacle-Du-7-Novembre-2025-Au-31-janvier-2026-Billetterie-Paris\" target=\"_blank\" rel=\"noreferrer noopener\">Casino de Paris<\/a> (Paris, IXe), \u00e0 partir du 7 novembre. De 20 \u00e0 101 euros.<\/p>\n<p class=\"paragraph text_align_left lp-f-body-02\"><b>\u00ab La Cage aux folles \u00bb.<\/b> Plus politique, festif, \u00e9mouvant que la pi\u00e8ce de Jean Poiret, le musical qu\u2019en a tir\u00e9 Broadway va enchanter les F\u00eates. Sous la direction d\u2019Olivier Py, Laurent Lafitte est Albin, alias Zaza, qui chantera notamment, \u00ab I am what I am \u00bb, repris par Gloria Gaynor, en fran\u00e7ais : \u00ab J\u2019ai le droit d\u2019\u00eatre moi \u00bb. Un hymne.<\/p>\n<p class=\"paragraph text_align_left lp-f-body-02\"><a href=\"https:\/\/www.chatelet.com\/programmation\/25-26\/la-cage-aux-folles\/\" target=\"_blank\" rel=\"noreferrer noopener\">Th\u00e9\u00e2tre du Ch\u00e2telet<\/a> (Paris, Ier), du 5 d\u00e9cembre au 10 janvier 2026. De 12 \u00e0 119 euros.<\/p>\n<p class=\"paragraph text_align_left lp-f-body-02\"><b>\u00ab Le Roi soleil \u00bb.<\/b> Vingt ans apr\u00e8s son triomphe, Emmanuel Moire retrouve sa couronne de Louis XIV dans le spectacle sign\u00e9 Dove Attia et Kamel Ouali. Plus de 1,5 million de spectateurs, un million de disques vendus et des tubes l\u00e9gendaires comme \u00ab Mon essentiel \u00bb. Un rendez-vous attendu.<\/p>\n<p class=\"paragraph text_align_left lp-f-body-02\"><a href=\"https:\/\/www.ledomedeparis.com\/fr\/le-roi-soleil\" target=\"_blank\" rel=\"noreferrer noopener\">D\u00f4me de Paris<\/a> (XVe), du 4 d\u00e9cembre au 18 janvier 2026. De 25 \u00e0 95 euros.<\/p>\n<p class=\"paragraph text_align_left lp-f-body-02\"><b>\u00ab Notre Dame de Paris \u00bb.<\/b> Un monument du genre qui revient, l\u2019\u0153uvre de Luc Plamondon et Richard Cocciante. Des chansons mythiques, \u00ab Belle \u00bb ou \u00ab Le temps des Cath\u00e9drales \u00bb pour un spectacle qu\u2019on se partage de g\u00e9n\u00e9ration en g\u00e9n\u00e9ration.<\/p>\n<p class=\"paragraph text_align_left lp-f-body-02\"><a href=\"https:\/\/experiences.viparis.com\/billetterie\/notre-dame-de-paris-20255759\" target=\"_blank\" rel=\"noreferrer noopener\">Palais des Congr\u00e8s<\/a> (XVIIe), du 19 d\u00e9cembre au 4 janvier. De 38 \u00e0 99 euros.<\/p>\n","protected":false},"excerpt":{"rendered":"D\u2019ici No\u00ebl, de grosses machines vont d\u00e9ferler sur les sc\u00e8nes parisiennes. Avec une vingtaine de productions d\u2019ici \u00e0&hellip;\n","protected":false},"author":2,"featured_media":464716,"comment_status":"","ping_status":"","sticky":false,"template":"","format":"standard","meta":{"footnotes":""},"categories":[1888],"tags":[11,872,1777,674,1011,27,12,626,25,6047],"class_list":{"0":"post-464715","1":"post","2":"type-post","3":"status-publish","4":"format-standard","5":"has-post-thumbnail","7":"category-paris","8":"tag-actualites","9":"tag-culture-et-loisirs","10":"tag-eu","11":"tag-europe","12":"tag-fr","13":"tag-france","14":"tag-news","15":"tag-paris","16":"tag-republique-francaise","17":"tag-sortir-en-region-parisienne"},"share_on_mastodon":{"url":"https:\/\/pubeurope.com\/@fr\/115377809474378736","error":""},"_links":{"self":[{"href":"https:\/\/www.europesays.com\/fr\/wp-json\/wp\/v2\/posts\/464715","targetHints":{"allow":["GET"]}}],"collection":[{"href":"https:\/\/www.europesays.com\/fr\/wp-json\/wp\/v2\/posts"}],"about":[{"href":"https:\/\/www.europesays.com\/fr\/wp-json\/wp\/v2\/types\/post"}],"author":[{"embeddable":true,"href":"https:\/\/www.europesays.com\/fr\/wp-json\/wp\/v2\/users\/2"}],"replies":[{"embeddable":true,"href":"https:\/\/www.europesays.com\/fr\/wp-json\/wp\/v2\/comments?post=464715"}],"version-history":[{"count":0,"href":"https:\/\/www.europesays.com\/fr\/wp-json\/wp\/v2\/posts\/464715\/revisions"}],"wp:featuredmedia":[{"embeddable":true,"href":"https:\/\/www.europesays.com\/fr\/wp-json\/wp\/v2\/media\/464716"}],"wp:attachment":[{"href":"https:\/\/www.europesays.com\/fr\/wp-json\/wp\/v2\/media?parent=464715"}],"wp:term":[{"taxonomy":"category","embeddable":true,"href":"https:\/\/www.europesays.com\/fr\/wp-json\/wp\/v2\/categories?post=464715"},{"taxonomy":"post_tag","embeddable":true,"href":"https:\/\/www.europesays.com\/fr\/wp-json\/wp\/v2\/tags?post=464715"}],"curies":[{"name":"wp","href":"https:\/\/api.w.org\/{rel}","templated":true}]}}