{"id":464731,"date":"2025-10-15T11:00:15","date_gmt":"2025-10-15T11:00:15","guid":{"rendered":"https:\/\/www.europesays.com\/fr\/464731\/"},"modified":"2025-10-15T11:00:15","modified_gmt":"2025-10-15T11:00:15","slug":"un-feu-en-cours-dans-un-immeuble-des-canourgues-a-salon-de-provence-plusieurs-habitants-evacues","status":"publish","type":"post","link":"https:\/\/www.europesays.com\/fr\/464731\/","title":{"rendered":"Un feu en cours dans un immeuble des Canourgues, \u00e0 Salon-de-Provence, plusieurs habitants \u00e9vacu\u00e9s"},"content":{"rendered":"<p>Un important incendie est en cours dans un immeuble de la rue Alphonse-Daudet dans le quartier populaire des Canourgues \u00e0 <a href=\"https:\/\/www.laprovence.com\/region\/Edition-salon\" target=\"_blank\" rel=\"noopener\">Salon-de-Provence<\/a>, \u00e0 proximit\u00e9 de la piscine du quartier.<\/p>\n<p>L\u2019origine du sinistre n\u2019est pas encore connue \u00e0 ce stade mais le feu serait parti, vers 9\u00a0heures ce matin, d\u2019un appartement situ\u00e9 au deuxi\u00e8me \u00e9tage de ce b\u00e2timent en R +\u00a03.<\/p>\n<p>Lorsque les secours sont arriv\u00e9s sur place, le sinistre mena\u00e7ait de s\u2019\u00e9tendre \u00e0 l\u2019ensemble de l\u2019immeuble. Les habitants ont \u00e9t\u00e9 \u00e9vacu\u00e9s et une trentaine de sapeurs-pompiers des Bouches-du-Rh\u00f4ne sont actuellement sur place pour tenter de ma\u00eetriser le feu dont les premi\u00e8res images sont spectaculaires.<\/p>\n<p>\u00c0 ce stade, au moins deux appartements font l\u2019objet d\u2019un feu g\u00e9n\u00e9ralis\u00e9 mais aucune victime n\u2019est, fort heureusement, \u00e0 d\u00e9plorer.<\/p>\n<p>Le secteur est \u00e0 \u00e9viter afin de ne pas g\u00eaner l\u2019intervention des secours. La fum\u00e9e est visible \u00e0 plusieurs kilom\u00e8tres \u00e0 la ronde<\/p>\n","protected":false},"excerpt":{"rendered":"Un important incendie est en cours dans un immeuble de la rue Alphonse-Daudet dans le quartier populaire des&hellip;\n","protected":false},"author":2,"featured_media":464732,"comment_status":"","ping_status":"","sticky":false,"template":"","format":"standard","meta":{"footnotes":""},"categories":[2],"tags":[17,11,1102,58870,703,1446,154,274,1312,1011,27,5480,12,25,30388],"class_list":{"0":"post-464731","1":"post","2":"type-post","3":"status-publish","4":"format-standard","5":"has-post-thumbnail","7":"category-actualites","8":"tag-17","9":"tag-actualites","10":"tag-breakingnews","11":"tag-canourgues","12":"tag-cours","13":"tag-dans","14":"tag-des","15":"tag-faits-divers-justice","16":"tag-feu","17":"tag-fr","18":"tag-france","19":"tag-immeuble","20":"tag-news","21":"tag-republique-francaise","22":"tag-salon-de-provence"},"share_on_mastodon":{"url":"https:\/\/pubeurope.com\/@fr\/115377840242016708","error":""},"_links":{"self":[{"href":"https:\/\/www.europesays.com\/fr\/wp-json\/wp\/v2\/posts\/464731","targetHints":{"allow":["GET"]}}],"collection":[{"href":"https:\/\/www.europesays.com\/fr\/wp-json\/wp\/v2\/posts"}],"about":[{"href":"https:\/\/www.europesays.com\/fr\/wp-json\/wp\/v2\/types\/post"}],"author":[{"embeddable":true,"href":"https:\/\/www.europesays.com\/fr\/wp-json\/wp\/v2\/users\/2"}],"replies":[{"embeddable":true,"href":"https:\/\/www.europesays.com\/fr\/wp-json\/wp\/v2\/comments?post=464731"}],"version-history":[{"count":0,"href":"https:\/\/www.europesays.com\/fr\/wp-json\/wp\/v2\/posts\/464731\/revisions"}],"wp:featuredmedia":[{"embeddable":true,"href":"https:\/\/www.europesays.com\/fr\/wp-json\/wp\/v2\/media\/464732"}],"wp:attachment":[{"href":"https:\/\/www.europesays.com\/fr\/wp-json\/wp\/v2\/media?parent=464731"}],"wp:term":[{"taxonomy":"category","embeddable":true,"href":"https:\/\/www.europesays.com\/fr\/wp-json\/wp\/v2\/categories?post=464731"},{"taxonomy":"post_tag","embeddable":true,"href":"https:\/\/www.europesays.com\/fr\/wp-json\/wp\/v2\/tags?post=464731"}],"curies":[{"name":"wp","href":"https:\/\/api.w.org\/{rel}","templated":true}]}}