{"id":464733,"date":"2025-10-15T11:01:13","date_gmt":"2025-10-15T11:01:13","guid":{"rendered":"https:\/\/www.europesays.com\/fr\/464733\/"},"modified":"2025-10-15T11:01:13","modified_gmt":"2025-10-15T11:01:13","slug":"circulation-facilitee-un-rapport-preconise-de-mettre-fin-a-laccord-de-1968","status":"publish","type":"post","link":"https:\/\/www.europesays.com\/fr\/464733\/","title":{"rendered":"Circulation facilit\u00e9e\u2026 Un rapport pr\u00e9conise de mettre fin \u00e0 l\u2019accord de\u00a01968"},"content":{"rendered":"<p>Les <a href=\"https:\/\/www.20minutes.fr\/dossier\/algerie\" class=\"c-link c-link--is-underlined\" target=\"_blank\" rel=\"noopener\">Alg\u00e9riens<\/a> bient\u00f4t log\u00e9s \u00e0 la m\u00eame enseigne que tous les autres ressortissants \u00e9trangers en France\u00a0? Au nom du principe \u00ab\u00a0d\u2019\u00e9galit\u00e9\u00a0\u00bb, un rapport parlementaire fran\u00e7ais propose de remettre en cause les d\u00e9rogations qui leur sont accord\u00e9es dans le cadre de l\u2019accord franco-alg\u00e9rien de\u00a01968.<\/p>\n<p>Pr\u00e9sent\u00e9 par les d\u00e9put\u00e9s macronistes, Mathieu Lef\u00e8vre, devenu dimanche ministre d\u00e9l\u00e9gu\u00e9 \u00e0 la Transition \u00e9cologique, et Charles Rodwell, le document propose de mettre fin au statut unique conf\u00e9r\u00e9 aux Alg\u00e9riens en mati\u00e8re de circulation, de s\u00e9jour, d\u2019emploi et de protection sociale.<\/p>\n<\/p>\n<p>Ce statut \u00ab\u00a0cr\u00e9e une rupture d\u2019\u00e9galit\u00e9 qui fragilise notre ordre juridique et entra\u00eene un surco\u00fbt important pour nos finances publiques\u00a0\u00bb, en raison d\u2019un co\u00fbt de traitement pour l\u2019administration et \u00e0 travers les prestations sociales par exemple, affirment les auteurs du rapport. Ils avancent une \u00e9valuation de l\u2019ordre de 2\u00a0milliards d\u2019euros, mais soulignent que \u00ab\u00a0l\u2019estimation de ces surco\u00fbts pour les finances publiques est impr\u00e9cise\u00a0\u00bb en raison de \u00ab\u00a0l\u2019absence voire de la r\u00e9tention de donn\u00e9es\u00a0\u00bb.<\/p>\n<p>L\u2019accord, sign\u00e9 six ans apr\u00e8s la fin de la <a href=\"https:\/\/www.20minutes.fr\/dossier\/guerre\" class=\"c-link c-link--is-underlined\" target=\"_blank\" rel=\"noopener\">guerre<\/a> d\u2019Alg\u00e9rie (1954-1962), alors que la France avait besoin de bras pour soutenir son \u00e9conomie, permet aux ressortissants alg\u00e9riens d\u2019obtenir un titre de s\u00e9jour de dix ans selon une proc\u00e9dure acc\u00e9l\u00e9r\u00e9e. Dans le cadre d\u2019un regroupement familial, les membres de la famille re\u00e7oivent \u00e9galement un certificat de r\u00e9sidence de dix ans d\u00e8s leur arriv\u00e9e si la personne qu\u2019ils rejoignent poss\u00e8de ce titre.<\/p>\n<p>\u00ab\u00a0Discrimination entre \u00e9trangers\u00a0\u00bb<\/p>\n<p>Ces dispositions sp\u00e9cifiques, jugent les auteurs du rapport, \u00ab\u00a0cr\u00e9ent une situation juridique probl\u00e9matique en ce qu\u2019elles instituent une discrimination entre \u00e9trangers de nationalit\u00e9s diff\u00e9rentes sur le territoire fran\u00e7ais\u00a0\u00bb. L\u2019accord \u00ab\u00a0ne pr\u00e9sente aucune disposition concernant la partie alg\u00e9rienne ni aucune clause de r\u00e9ciprocit\u00e9 et n\u2019a donc \u00a0\u00bbd\u2019accord\u00a0\u00bb que le nom. Il s\u2019apparente, dans les faits, davantage \u00e0 une d\u00e9claration unilat\u00e9rale de la France\u00a0\u00bb, accusent les auteurs. Ils estiment que la \u00ab\u00a0d\u00e9nonciation\u00a0\u00bb de l\u2019accord est possible sans l\u2019inscrire dans une opposition frontale et directe avec l\u2019Alg\u00e9rie\u00a0\u00bb.<\/p>\n<p>En f\u00e9vrier dernier, un rapport du S\u00e9nat sugg\u00e9rait d\u00e9j\u00e0 d\u2019ouvrir la voie \u00e0 la d\u00e9nonciation de cet accord. En pleine crise diplomatique, l\u2019ancien ministre de l\u2019Int\u00e9rieur <a href=\"https:\/\/www.20minutes.fr\/dossier\/bruno_retailleau\" class=\"c-link c-link--is-underlined\" target=\"_blank\" rel=\"noopener\">Bruno Retailleau<\/a> avait \u00e9galement dit \u00e0 plusieurs reprises son souhait de le remettre en cause.<\/p>\n<p>Les relations entre Paris et Alger sont au plus bas depuis l\u2019\u00e9t\u00e9\u00a02024 et la reconnaissance par la France d\u2019un plan d\u2019autonomie \u00ab\u00a0sous souverainet\u00e9 marocaine\u00a0\u00bb pour le Sahara occidental.<\/p>\n<p>Les Alg\u00e9riens occupent la t\u00eate des nationalit\u00e9s \u00e9trang\u00e8res pr\u00e9sentes en France &#8211; on y comptait 649.991 Alg\u00e9riens en\u00a02024 &#8211; et la deuxi\u00e8me place pour les obtentions d\u2019un premier titre de s\u00e9jour.<\/p>\n<p>Ils sont \u00e9galement la premi\u00e8re nationalit\u00e9 interpell\u00e9e en France en situation irr\u00e9guli\u00e8re avec 33.754 personnes en\u00a02024.<\/p>\n","protected":false},"excerpt":{"rendered":"Les Alg\u00e9riens bient\u00f4t log\u00e9s \u00e0 la m\u00eame enseigne que tous les autres ressortissants \u00e9trangers en France\u00a0? Au nom&hellip;\n","protected":false},"author":2,"featured_media":464734,"comment_status":"","ping_status":"","sticky":false,"template":"","format":"standard","meta":{"footnotes":""},"categories":[2],"tags":[47,11,15,1011,27,1061,12,1050,25,1004,104],"class_list":{"0":"post-464733","1":"post","2":"type-post","3":"status-publish","4":"format-standard","5":"has-post-thumbnail","7":"category-actualites","8":"tag-actualite","9":"tag-actualites","10":"tag-algerie","11":"tag-fr","12":"tag-france","13":"tag-immigration","14":"tag-news","15":"tag-parlement","16":"tag-republique-francaise","17":"tag-senat","18":"tag-societe"},"share_on_mastodon":{"url":"https:\/\/pubeurope.com\/@fr\/115377843977232098","error":""},"_links":{"self":[{"href":"https:\/\/www.europesays.com\/fr\/wp-json\/wp\/v2\/posts\/464733","targetHints":{"allow":["GET"]}}],"collection":[{"href":"https:\/\/www.europesays.com\/fr\/wp-json\/wp\/v2\/posts"}],"about":[{"href":"https:\/\/www.europesays.com\/fr\/wp-json\/wp\/v2\/types\/post"}],"author":[{"embeddable":true,"href":"https:\/\/www.europesays.com\/fr\/wp-json\/wp\/v2\/users\/2"}],"replies":[{"embeddable":true,"href":"https:\/\/www.europesays.com\/fr\/wp-json\/wp\/v2\/comments?post=464733"}],"version-history":[{"count":0,"href":"https:\/\/www.europesays.com\/fr\/wp-json\/wp\/v2\/posts\/464733\/revisions"}],"wp:featuredmedia":[{"embeddable":true,"href":"https:\/\/www.europesays.com\/fr\/wp-json\/wp\/v2\/media\/464734"}],"wp:attachment":[{"href":"https:\/\/www.europesays.com\/fr\/wp-json\/wp\/v2\/media?parent=464733"}],"wp:term":[{"taxonomy":"category","embeddable":true,"href":"https:\/\/www.europesays.com\/fr\/wp-json\/wp\/v2\/categories?post=464733"},{"taxonomy":"post_tag","embeddable":true,"href":"https:\/\/www.europesays.com\/fr\/wp-json\/wp\/v2\/tags?post=464733"}],"curies":[{"name":"wp","href":"https:\/\/api.w.org\/{rel}","templated":true}]}}