{"id":464739,"date":"2025-10-15T11:06:12","date_gmt":"2025-10-15T11:06:12","guid":{"rendered":"https:\/\/www.europesays.com\/fr\/464739\/"},"modified":"2025-10-15T11:06:12","modified_gmt":"2025-10-15T11:06:12","slug":"actualite-roddick-sinterroge-sur-valentin-la-question-pour-moi-cest-de-savoir-comment-vacherot-jouera-lannee-prochaine-apres-shanghai","status":"publish","type":"post","link":"https:\/\/www.europesays.com\/fr\/464739\/","title":{"rendered":"Actualit\u00e9 > Roddick s&rsquo;interroge sur Valentin : \u00ab\u00a0La question pour moi, c&rsquo;est de savoir comment Vacherot jouera l&rsquo;ann\u00e9e prochaine apr\u00e8s Shangha\u00ef\u00a0\u00bb"},"content":{"rendered":"<p>Lors de son podcast, Andy est revenu sur la perfor\u00admance de Valentin mais aussi sur la suite de sa carri\u00e8re main\u00adte\u00adnant qu\u2019il est dans le top\u00a050.\u00a0<\/p>\n<p>\u00ab\u202f<strong>La ques\u00adtion pour moi, c\u2019est de savoir comment Vacherot jouera l\u2019ann\u00e9e prochaine apr\u00e8s Shangha\u00ef. Nous n\u2019avons qu\u2019un petit \u00e9chan\u00adtillon\u00a0: il a perdu contre un joueur class\u00e9 800e mondial il y a six semaines, puis contre un joueur class\u00e9 300e au dernier tournoi. Est\u2010ce que vous imaginez main\u00adte\u00adnant ce qui se passera\u202f? Chaque match qu\u2019il gagnera comp\u00adtera pour ses points. Il n\u2019aura plus \u00e0 travailler toute la semaine pour presque rien\u202f\u00bb.<\/strong><\/p>\n<p class=\"post-published-date\" style=\"color: silver; font-size: 75%; text-align: left;\">Publi\u00e9 le mercredi 15 octobre 2025 \u00e0 10:49<\/p>\n","protected":false},"excerpt":{"rendered":"Lors de son podcast, Andy est revenu sur la perfor\u00admance de Valentin mais aussi sur la suite de&hellip;\n","protected":false},"author":2,"featured_media":464740,"comment_status":"","ping_status":"","sticky":false,"template":"","format":"standard","meta":{"footnotes":""},"categories":[1415],"tags":[1011,27,60,1467],"class_list":{"0":"post-464739","1":"post","2":"type-post","3":"status-publish","4":"format-standard","5":"has-post-thumbnail","7":"category-tennis","8":"tag-fr","9":"tag-france","10":"tag-sports","11":"tag-tennis"},"share_on_mastodon":{"url":"https:\/\/pubeurope.com\/@fr\/115377863593699355","error":""},"_links":{"self":[{"href":"https:\/\/www.europesays.com\/fr\/wp-json\/wp\/v2\/posts\/464739","targetHints":{"allow":["GET"]}}],"collection":[{"href":"https:\/\/www.europesays.com\/fr\/wp-json\/wp\/v2\/posts"}],"about":[{"href":"https:\/\/www.europesays.com\/fr\/wp-json\/wp\/v2\/types\/post"}],"author":[{"embeddable":true,"href":"https:\/\/www.europesays.com\/fr\/wp-json\/wp\/v2\/users\/2"}],"replies":[{"embeddable":true,"href":"https:\/\/www.europesays.com\/fr\/wp-json\/wp\/v2\/comments?post=464739"}],"version-history":[{"count":0,"href":"https:\/\/www.europesays.com\/fr\/wp-json\/wp\/v2\/posts\/464739\/revisions"}],"wp:featuredmedia":[{"embeddable":true,"href":"https:\/\/www.europesays.com\/fr\/wp-json\/wp\/v2\/media\/464740"}],"wp:attachment":[{"href":"https:\/\/www.europesays.com\/fr\/wp-json\/wp\/v2\/media?parent=464739"}],"wp:term":[{"taxonomy":"category","embeddable":true,"href":"https:\/\/www.europesays.com\/fr\/wp-json\/wp\/v2\/categories?post=464739"},{"taxonomy":"post_tag","embeddable":true,"href":"https:\/\/www.europesays.com\/fr\/wp-json\/wp\/v2\/tags?post=464739"}],"curies":[{"name":"wp","href":"https:\/\/api.w.org\/{rel}","templated":true}]}}