{"id":464749,"date":"2025-10-15T11:12:14","date_gmt":"2025-10-15T11:12:14","guid":{"rendered":"https:\/\/www.europesays.com\/fr\/464749\/"},"modified":"2025-10-15T11:12:14","modified_gmt":"2025-10-15T11:12:14","slug":"elle-est-avec-marc-lavoine-mais-porte-encore-mon-nom-lex-mari-dadriana-karembeu-relance-les-tensions","status":"publish","type":"post","link":"https:\/\/www.europesays.com\/fr\/464749\/","title":{"rendered":"\u00ab\u00a0Elle est avec Marc Lavoine, mais porte encore mon nom\u00a0\u00bb, l&rsquo;ex-mari d&rsquo;Adriana Karembeu relance les tensions"},"content":{"rendered":"<p>Par <a class=\"author_recette\" id=\"author_name\" href=\"https:\/\/www.nextplz.fr\/auteur\/jason-mathurin\" target=\"_blank\" rel=\"noopener\">Jason<br \/>\nMathurin<\/a> &#8211;<br \/>\nPubli\u00e9 le 15 Oct 2025 \u00e0<br \/>\n07:30<\/p>\n<p class=\"article-intro excerpt\">Entre Marc Lavoine et Adriana<br \/>\nKarembeu, y a-t-il de l\u2019eau dans le gaz ? Alors que le couple vit<br \/>\nsur des montagnes russes, son ex s\u2019en m\u00eale\u2026<\/p>\n<p>C&rsquo;est une relation qu&rsquo;on n&rsquo;avait pas vue venir, mais qui a fait<br \/>\nparler toute l&rsquo;ann\u00e9e. Marc Lavoine et Adriana Karembeu ont<br \/>\nconcr\u00e9tis\u00e9 leur retour de flamme. Un \u00ab\u00a0miracle\u00a0\u00bb selon les<br \/>\ndeux tourtereaux, et notamment le chanteur, qui n&rsquo;en revient<br \/>\ntoujours pas. \u00ab\u00a0Je crois que j\u2019ai trouv\u00e9 avec Adriana la<br \/>\npersonne qu\u2019il me fallait. C\u2019est-\u00e0-dire que quand je me demande si<br \/>\nje suis heureux, la r\u00e9ponse est franchement oui. Je n\u2019ai jamais \u00e9t\u00e9<br \/>\naussi bien\u00a0\u00bb, disait-il \u00e0 Paris Match. La top model non plus<br \/>\nn&rsquo;\u00e9tait pas en reste&#8230; \u00ab\u00a0C\u2019est arriv\u00e9 \u00e0 ma m\u00e8re, et \u00e0 l\u2019\u00e9poque<br \/>\nje me suis dit : \u2018Oh la la maman, mais qu\u2019est-ce que tu fais ?<br \/>\nC\u2019est trop tard.\u2019 Et puis il m\u2019est arriv\u00e9 la m\u00eame chose\u00a0\u00bb,<br \/>\navait-elle dit \u00e0 Lou. <strong>Seulement, voil\u00e0<\/strong>&#8230;<\/p>\n<p>Adriana Karembeu<br \/>\ntoujours mari\u00e9e \u00e0 son ex<\/p>\n<p>\u00ab\u00a0Ce que je voulais \u00e9viter dans ma vie, c\u2019est d\u2019\u00eatre une<br \/>\nmaman qui n\u2019est pas heureuse. Pour un enfant, avoir des parents qui<br \/>\nne sont pas bien, c\u2019est un \u00e9chec pour moi. Je voulais surtout<br \/>\n\u00e9viter \u00e7a. Moi, je suis un package, c\u2019est moi et ma fille. On<br \/>\nprend, on ne prend pas. Si jamais ce n\u2019est pas accept\u00e9, c\u2019est juste<br \/>\nmort. Il n\u2019y a pas de possibilit\u00e9\u00a0\u00bb, a r\u00e9cemment d\u00e9clar\u00e9<br \/>\nAdriana Karembeu, \u00e9galement ex-femme de Christian Karembeu dont<br \/>\nelle porte le nom. En effet, il faut rappeler que la mannequin<br \/>\nslovaque a eu <strong>une fille avec Aram Ohanian, son dernier mari<br \/>\nen date<\/strong>, Nina. Enfin, ex-mari, la question est bien plus<br \/>\ncomplexe&#8230; Et pour cause, <strong>la ch\u00e9rie de Marc Lavoine ne<br \/>\nserait pas divorc\u00e9e de son ex !<\/strong><\/p>\n<p>Des<br \/>\ncomplications dans son couple avec Marc Lavoine<\/p>\n<p>\u00ab\u00a0Je pense que pour Nina, le mieux aurait \u00e9t\u00e9 d\u2019avoir ses<br \/>\ndeux parents\u00a0\u00bb, a d\u00e9clar\u00e9 il y a peu l&rsquo;ex d&rsquo;Adriana Karembeu \u00e0<br \/>\nVSD. Aram Ohanian a, semble-t-il, accus\u00e9 le coup de leur<br \/>\ns\u00e9paration, acceptant m\u00eame de rencontrer Marc Lavoine. \u00ab\u00a0Adriana<br \/>\na souhait\u00e9 me le pr\u00e9senter. Je l\u2019ai rencontr\u00e9 une heure \u00e0 l\u2019h\u00f4tel \u2013<br \/>\nmais il n\u2019y a pas dormi, quand m\u00eame. C\u2019est un tr\u00e8s gentil gar\u00e7on,<br \/>\ntr\u00e8s \u00e9motif. Il m\u2019a m\u00eame offert deux livres d\u00e9dicac\u00e9s. Je pr\u00e9f\u00e8re<br \/>\nsavoir qui il est. Je reste centr\u00e9 sur l\u2019int\u00e9r\u00eat de ma fille\u00a0\u00bb,<br \/>\na poursuivi l&rsquo;homme d&rsquo;affaires arm\u00e9nien. \u00ab\u00a0Elle est avec Marc<br \/>\nLavoine et porte encore mon nom sur le papier, <strong>elle est<br \/>\ndonc toujours ma femme, c\u2019est tr\u00e8s d\u00e9rangeant pour<br \/>\nmoi\u00a0\u00bb<\/strong>, a-t-il poursuivi, un brin amer.<\/p>\n<p>Est-ce que Marc Lavoine est toujours en couple avec Adriana<br \/>\nKarembeu ?<\/p>\n<p>Le divorce n&rsquo;\u00e9tant m\u00eame pas act\u00e9, Aram Ohanian accepte<br \/>\ndifficilement sa s\u00e9paration d&rsquo;avec Adriana Karembeu. Mais il fait<br \/>\ntout pour ne pas le laisser transpara\u00eetre et \u00eatre le meilleur<br \/>\nco-parent qui puisse \u00eatre, pour le bien de sa fille, Nina. \u00ab\u00a0Mes<br \/>\nproches savent. Les ma\u00eetresses, les parents d\u2019\u00e9l\u00e8ves, tout le monde<br \/>\nvoit bien que c\u2019est moi qui suis l\u00e0 au quotidien\u00a0\u00bb, a dit celui<br \/>\nqui esp\u00e8re \u00ab\u00a0juste un peu de reconnaissance\u00a0\u00bb. Toujours<br \/>\nest-il que derni\u00e8rement, la relation de Marc Lavoine et Adriana<br \/>\nKarembeu a fait jaser. <a href=\"https:\/\/www.nextplz.fr\/people\/511064-adriana-karembeu-et-marc-lavoine-se-sont-separes-revelations-chocs-dans-tbt9?mrfhud=true\" target=\"_blank\" rel=\"noopener\"><br \/>\n\u00ab\u00a0Il se murmurait dans Paris qu&rsquo;ils n&rsquo;\u00e9taient plus<br \/>\nensemble<\/a>, a dit Val\u00e9rie B\u00e9na\u00efm dans TBT9. <strong>Mais<br \/>\nest-ce que c&rsquo;est vrai ? Je ne sais pas\u00a0\u00bb<\/strong>. Pas que l&rsquo;on<br \/>\nsache.<\/p>\n","protected":false},"excerpt":{"rendered":"Par Jason Mathurin &#8211; Publi\u00e9 le 15 Oct 2025 \u00e0 07:30 Entre Marc Lavoine et Adriana Karembeu, y&hellip;\n","protected":false},"author":2,"featured_media":464750,"comment_status":"","ping_status":"","sticky":false,"template":"","format":"standard","meta":{"footnotes":""},"categories":[1359],"tags":[21303,58,59,1011,27,29017,973],"class_list":{"0":"post-464749","1":"post","2":"type-post","3":"status-publish","4":"format-standard","5":"has-post-thumbnail","7":"category-people","8":"tag-buzz_nonli","9":"tag-divertissement","10":"tag-entertainment","11":"tag-fr","12":"tag-france","13":"tag-nonli_nextplz","14":"tag-people"},"share_on_mastodon":{"url":"https:\/\/pubeurope.com\/@fr\/115377887383400891","error":""},"_links":{"self":[{"href":"https:\/\/www.europesays.com\/fr\/wp-json\/wp\/v2\/posts\/464749","targetHints":{"allow":["GET"]}}],"collection":[{"href":"https:\/\/www.europesays.com\/fr\/wp-json\/wp\/v2\/posts"}],"about":[{"href":"https:\/\/www.europesays.com\/fr\/wp-json\/wp\/v2\/types\/post"}],"author":[{"embeddable":true,"href":"https:\/\/www.europesays.com\/fr\/wp-json\/wp\/v2\/users\/2"}],"replies":[{"embeddable":true,"href":"https:\/\/www.europesays.com\/fr\/wp-json\/wp\/v2\/comments?post=464749"}],"version-history":[{"count":0,"href":"https:\/\/www.europesays.com\/fr\/wp-json\/wp\/v2\/posts\/464749\/revisions"}],"wp:featuredmedia":[{"embeddable":true,"href":"https:\/\/www.europesays.com\/fr\/wp-json\/wp\/v2\/media\/464750"}],"wp:attachment":[{"href":"https:\/\/www.europesays.com\/fr\/wp-json\/wp\/v2\/media?parent=464749"}],"wp:term":[{"taxonomy":"category","embeddable":true,"href":"https:\/\/www.europesays.com\/fr\/wp-json\/wp\/v2\/categories?post=464749"},{"taxonomy":"post_tag","embeddable":true,"href":"https:\/\/www.europesays.com\/fr\/wp-json\/wp\/v2\/tags?post=464749"}],"curies":[{"name":"wp","href":"https:\/\/api.w.org\/{rel}","templated":true}]}}