{"id":464761,"date":"2025-10-15T11:19:16","date_gmt":"2025-10-15T11:19:16","guid":{"rendered":"https:\/\/www.europesays.com\/fr\/464761\/"},"modified":"2025-10-15T11:19:16","modified_gmt":"2025-10-15T11:19:16","slug":"le-psg-travaille-sur-une-nouvelle-vague-de-prolongations","status":"publish","type":"post","link":"https:\/\/www.europesays.com\/fr\/464761\/","title":{"rendered":"Le PSG travaille sur une nouvelle vague de prolongations"},"content":{"rendered":"<p>Comme en d\u00e9but d\u2019ann\u00e9e 2025, le board du PSG travaille sur<br \/>\nune nouvelle vague de prolongations de contrat dans les mois \u00e0<br \/>\nvenir.<\/p>\n<p>Apr\u00e8s la fermeture du march\u00e9 des transferts le 1er septembre<br \/>\ndernier, la direction du <strong>PSG<\/strong> a lanc\u00e9 les grandes<br \/>\nmanoeuvres pour conserver les joueurs importants de son effectif.<br \/>\nEn effet, apr\u00e8s avoir r\u00e9ussi \u00e0 prolonger <strong>Luis<br \/>\nEnrique<\/strong>, <strong>Achraf Hakimi<\/strong>, <strong>Nuno<br \/>\nMendes<\/strong> et <strong>Vitinha<\/strong> <strong><a href=\"https:\/\/canal-supporters.com\/mercato-le-psg-officialise-sept-prolongations-de-contrats\/\" title=\"\" target=\"_blank\" rel=\"noopener\">d\u00e9but 2025<\/a><\/strong>, le board des Rouge &amp; Bleu<br \/>\ntravaille d\u00e9sormais sur une nouvelle vague de prolongations, comme<br \/>\nle rapporte <strong><a href=\"https:\/\/www.lequipe.fr\/Football\/Article\/Pacho-mayulu-barcola-ruiz-le-psg-ouvre-le-chapitre-des-prolongations\/1601597\" target=\"_blank\" rel=\"noopener\" title=\"\">L\u2019Equipe<\/a><\/strong><br \/>\ndans son \u00e9dition du jour.<\/p>\n<p>Pacho prolong\u00e9<br \/>\njusqu\u2019en 2031 ?<\/p>\n<p>Entre septembre et d\u00e9cembre, <strong>Luis Campos<\/strong> lance<br \/>\nles n\u00e9gociations avec l\u2019entourage des joueurs afin de<br \/>\npotentiellement finaliser des nouveaux contrats avant la fin de la<br \/>\nsaison. Et au-del\u00e0 d\u2019<strong><a href=\"https:\/\/canal-supporters.com\/revue-de-presse-psg-dembele-finances-infirmerie\/\" title=\"\" target=\"_blank\" rel=\"noopener\">Ousmane Demb\u00e9l\u00e9<\/a><\/strong>, quelques cas sont plus<br \/>\nurgents comme <strong>Fabian Ruiz<\/strong> (29 ans) et<br \/>\n<strong>Senny Mayulu<\/strong> (19 ans), qui arrivent en fin de<br \/>\ncontrat en juin 2027. Les deux milieux doivent signer cette saison<br \/>\nafin d\u2019\u00e9viter un \u00e9t\u00e9 2026 agit\u00e9. \u00c9galement sous contrat jusqu\u2019en<br \/>\n2027, <strong>Ibrahim Mbaye<\/strong> dispose d\u2019une ann\u00e9e<br \/>\nsuppl\u00e9mentaire en option.<\/p>\n<p>Concernant les fin de contrat en 2028, neuf \u00e9l\u00e9ments sont<br \/>\nconcern\u00e9s : <strong>Ousmane Demb\u00e9l\u00e9<\/strong> (28\u00a0ans),<br \/>\n<strong>Bradley Barcola<\/strong> (23\u00a0ans), <strong>Gon\u00e7alo<br \/>\nRamos<\/strong> (24\u00a0ans), <strong>Marquinhos<\/strong><br \/>\n(31\u00a0ans), <strong>Lucas Hernandez<\/strong> (29\u00a0ans),<br \/>\n<strong>Lee Kang-in<\/strong> (24\u00a0ans), <strong>Lucas<br \/>\nBeraldo<\/strong> (21\u00a0ans), <strong>Quentin Ndjantou<\/strong><br \/>\n(18\u00a0ans) et <strong>Noham Kamara<\/strong> (18\u00a0ans).<br \/>\nCourtis\u00e9 l\u2019\u00e9t\u00e9 dernier par des cadors europ\u00e9ens<br \/>\n(<strong>Liverpool<\/strong>, <strong>Bayern Munich<\/strong>), le<br \/>\ncas de <strong>Bradley Barcola<\/strong> semble \u00eatre prioritaire,<br \/>\napr\u00e8s sa saison 2024-2025 accomplie (21\u00a0buts et 21 passes<br \/>\nd\u00e9cisives en 64 matches). \u00ab\u00a0Avec l\u2019id\u00e9e d\u2019int\u00e9grer le top<br \/>\n8 des r\u00e9mun\u00e9rations\u00a0? C\u2019est le sens des \u00e9changes r\u00e9cents.<br \/>\nEntam\u00e9es il y a plusieurs mois, les discussions semblent toutefois<br \/>\ntra\u00eener.\u00a0\u00bb<\/p>\n<p>S\u2019il est rare de voir <strong>Luis Campos<\/strong> discuter pour<br \/>\ndes joueurs disposant encore de trois ans de contrat, le dirigeant<br \/>\nportugais peut faire des exceptions pour les \u00ab\u00a0petits<br \/>\nsalaires\u00a0\u00bb du club, \u00e0 l\u2019image de <strong>Willian<br \/>\nPacho<\/strong>. Hors du top 15 des plus gros salaires du club<br \/>\n(2,5\u00a0M\u20ac nets, \u00e9volutif en fonction du nombre d\u2019apparitions),<br \/>\nl\u2019international \u00e9quatorien dispose d\u2019une offre de prolongation de<br \/>\ndeux saisons suppl\u00e9mentaires, soit jusqu\u2019en 2031.<br \/>\n\u00ab\u00a0<strong>Luis Campos<\/strong> a rencontr\u00e9 ses<br \/>\nrepr\u00e9sentants en septembre. Le d\u00e9fenseur central doit d\u00e9sormais<br \/>\nr\u00e9pondre \u00e0 la proposition. Toutes les parties sont satisfaites de<br \/>\nla nature des \u00e9changes et un accord pourrait \u00eatre trouv\u00e9<br \/>\nrapidement.\u00a0\u00bb Comme \u00e0 son habitude le conseiller sportif<br \/>\ndes Rouge &amp; Bleu inclut une part fixe et une part variable dans les<br \/>\nnouveaux contrats, mais certains \u00e9l\u00e9ments de l\u2019effectif ont \u00e9t\u00e9<br \/>\nexempt\u00e9s de cette \u00ab\u00a0obligation\u00a0\u00bb comme <strong>Achraf<br \/>\nHakimi<\/strong>, conclut le quotidien sportif.<\/p>\n<\/p>\n<p>Youtube :<br \/>\n<strong><a href=\"https:\/\/www.youtube.com\/@CanalSupportersParis\/videos\" target=\"_blank\" rel=\"noopener\" title=\"\">Canal Supporters<br \/>\nParis<\/a><\/strong><\/p>\n","protected":false},"excerpt":{"rendered":"Comme en d\u00e9but d\u2019ann\u00e9e 2025, le board du PSG travaille sur une nouvelle vague de prolongations de contrat&hellip;\n","protected":false},"author":2,"featured_media":464762,"comment_status":"","ping_status":"","sticky":false,"template":"","format":"standard","meta":{"footnotes":""},"categories":[9],"tags":[28851,9707,81,787,16775,14700,1011,27,11484,58874,1435,2782,24971,91,92,58875,93,49314,1615,60,96,13197],"class_list":{"0":"post-464761","1":"post","2":"type-post","3":"status-publish","4":"format-standard","5":"has-post-thumbnail","7":"category-sports","8":"tag-barcola-psg","9":"tag-bradley-barcola","10":"tag-canal-supporters","11":"tag-cs","12":"tag-dembele-psg","13":"tag-fabian-ruiz","14":"tag-fr","15":"tag-france","16":"tag-luis-campos","17":"tag-mayulu-psg","18":"tag-mercato-psg","19":"tag-ousmane-dembele","20":"tag-pacho-psg","21":"tag-paris-saint-germain","22":"tag-paris-sg","23":"tag-prolongation-psg","24":"tag-psg","25":"tag-ruiz-psg","26":"tag-senny-mayulu","27":"tag-sports","28":"tag-une","29":"tag-willian-pacho"},"share_on_mastodon":{"url":"https:\/\/pubeurope.com\/@fr\/115377914832223570","error":""},"_links":{"self":[{"href":"https:\/\/www.europesays.com\/fr\/wp-json\/wp\/v2\/posts\/464761","targetHints":{"allow":["GET"]}}],"collection":[{"href":"https:\/\/www.europesays.com\/fr\/wp-json\/wp\/v2\/posts"}],"about":[{"href":"https:\/\/www.europesays.com\/fr\/wp-json\/wp\/v2\/types\/post"}],"author":[{"embeddable":true,"href":"https:\/\/www.europesays.com\/fr\/wp-json\/wp\/v2\/users\/2"}],"replies":[{"embeddable":true,"href":"https:\/\/www.europesays.com\/fr\/wp-json\/wp\/v2\/comments?post=464761"}],"version-history":[{"count":0,"href":"https:\/\/www.europesays.com\/fr\/wp-json\/wp\/v2\/posts\/464761\/revisions"}],"wp:featuredmedia":[{"embeddable":true,"href":"https:\/\/www.europesays.com\/fr\/wp-json\/wp\/v2\/media\/464762"}],"wp:attachment":[{"href":"https:\/\/www.europesays.com\/fr\/wp-json\/wp\/v2\/media?parent=464761"}],"wp:term":[{"taxonomy":"category","embeddable":true,"href":"https:\/\/www.europesays.com\/fr\/wp-json\/wp\/v2\/categories?post=464761"},{"taxonomy":"post_tag","embeddable":true,"href":"https:\/\/www.europesays.com\/fr\/wp-json\/wp\/v2\/tags?post=464761"}],"curies":[{"name":"wp","href":"https:\/\/api.w.org\/{rel}","templated":true}]}}