{"id":464763,"date":"2025-10-15T11:20:11","date_gmt":"2025-10-15T11:20:11","guid":{"rendered":"https:\/\/www.europesays.com\/fr\/464763\/"},"modified":"2025-10-15T11:20:11","modified_gmt":"2025-10-15T11:20:11","slug":"jaurais-du-le-faire-a-7-euros","status":"publish","type":"post","link":"https:\/\/www.europesays.com\/fr\/464763\/","title":{"rendered":"J&rsquo;aurais d\u00fb le faire \u00e0 7\u00a0euros&#8230;"},"content":{"rendered":"<p><strong>Au poil.<\/strong>\u00a0<a href=\"https:\/\/www.journaldesfemmes.fr\/people\/florent-pagny\/\" title=\"Florent Pagny\" rel=\"nofollow noopener\" target=\"_blank\">Florent Pagny<\/a> a test\u00e9 de nombreux styles capillaires au cours de sa carri\u00e8re et il a notamment eu recours \u00e0 des implants \u00e0 plusieurs reprises ! Si en Turquie, l&rsquo;implant co\u00fbte un euro le cheveu, le chanteur, lui, a pr\u00e9f\u00e9r\u00e9 faire cette intervention en France, bien qu&rsquo;elle soit sept fois plus ch\u00e8re.\u00a0\u00ab\u00a0Ceux qui sont all\u00e9s en Turquie, il y en a beaucoup qui reviennent en disant\u00a0: &lsquo;J&rsquo;aurais d\u00fb le faire \u00e0 7\u00a0euros'\u00a0\u00bb, a-t-il confi\u00e9 dans l&rsquo;\u00e9mission Legend avant de pr\u00e9ciser : \u00ab\u00a0L\u00e0, j&rsquo;arr\u00eate\u00a0! \u00c0 un moment, t&rsquo;es oblig\u00e9 de t&rsquo;arr\u00eater parce qu&rsquo;au bout d&rsquo;un moment l&rsquo;un sur l&rsquo;autre, \u00e7a peut ab\u00eemer les deux donc tu laisses tomber. Je terminerai sans cheveux, ce n&rsquo;est pas tr\u00e8s grave. Un jour\u00a0\u00bb.<\/p>\n","protected":false},"excerpt":{"rendered":"Au poil.\u00a0Florent Pagny a test\u00e9 de nombreux styles capillaires au cours de sa carri\u00e8re et il a notamment&hellip;\n","protected":false},"author":2,"featured_media":464764,"comment_status":"","ping_status":"","sticky":false,"template":"","format":"standard","meta":{"footnotes":""},"categories":[8],"tags":[58876,51761,58,59,3109,52292,1011,27,51766,1031],"class_list":{"0":"post-464763","1":"post","2":"type-post","3":"status-publish","4":"format-standard","5":"has-post-thumbnail","7":"category-divertissement","8":"tag-cms-journaldesfemmes-3244120","9":"tag-controller-content","10":"tag-divertissement","11":"tag-entertainment","12":"tag-florent-pagny","13":"tag-format-reportage","14":"tag-fr","15":"tag-france","16":"tag-les-histoires-du-jdf","17":"tag-magazine"},"share_on_mastodon":{"url":"https:\/\/pubeurope.com\/@fr\/115377918938302263","error":""},"_links":{"self":[{"href":"https:\/\/www.europesays.com\/fr\/wp-json\/wp\/v2\/posts\/464763","targetHints":{"allow":["GET"]}}],"collection":[{"href":"https:\/\/www.europesays.com\/fr\/wp-json\/wp\/v2\/posts"}],"about":[{"href":"https:\/\/www.europesays.com\/fr\/wp-json\/wp\/v2\/types\/post"}],"author":[{"embeddable":true,"href":"https:\/\/www.europesays.com\/fr\/wp-json\/wp\/v2\/users\/2"}],"replies":[{"embeddable":true,"href":"https:\/\/www.europesays.com\/fr\/wp-json\/wp\/v2\/comments?post=464763"}],"version-history":[{"count":0,"href":"https:\/\/www.europesays.com\/fr\/wp-json\/wp\/v2\/posts\/464763\/revisions"}],"wp:featuredmedia":[{"embeddable":true,"href":"https:\/\/www.europesays.com\/fr\/wp-json\/wp\/v2\/media\/464764"}],"wp:attachment":[{"href":"https:\/\/www.europesays.com\/fr\/wp-json\/wp\/v2\/media?parent=464763"}],"wp:term":[{"taxonomy":"category","embeddable":true,"href":"https:\/\/www.europesays.com\/fr\/wp-json\/wp\/v2\/categories?post=464763"},{"taxonomy":"post_tag","embeddable":true,"href":"https:\/\/www.europesays.com\/fr\/wp-json\/wp\/v2\/tags?post=464763"}],"curies":[{"name":"wp","href":"https:\/\/api.w.org\/{rel}","templated":true}]}}