{"id":464769,"date":"2025-10-15T11:23:19","date_gmt":"2025-10-15T11:23:19","guid":{"rendered":"https:\/\/www.europesays.com\/fr\/464769\/"},"modified":"2025-10-15T11:23:19","modified_gmt":"2025-10-15T11:23:19","slug":"reunion-de-lotan-pour-renforcer-sa-riposte-apres-les-intrusions-russes","status":"publish","type":"post","link":"https:\/\/www.europesays.com\/fr\/464769\/","title":{"rendered":"r\u00e9union de l&rsquo;Otan pour renforcer sa riposte apr\u00e8s les intrusions russes"},"content":{"rendered":"<p>\n    Les ministres de la D\u00e9fense de l\u2019Alliance discutent ce mercredi \u00e0 Bruxelles d\u2019un renforcement des moyens militaires et du soutien \u00e0 l\u2019Ukraine.<\/p>\n<p class=\"fig-paragraph\">Les ministres de la D\u00e9fense de l&rsquo;Otan, r\u00e9unis mercredi \u00e0 Bruxelles, vont discuter des moyens de renforcer la riposte de l&rsquo;Alliance, apr\u00e8s de multiples incursions russes dans le ciel europ\u00e9en, per\u00e7ues \u00e0 Bruxelles comme un nouveau test du Kremlin \u00e0 l&rsquo;encontre des Alli\u00e9s. \u00abNous avons fait ce pour quoi nous sommes entra\u00een\u00e9s, et cela a march\u00e9, mais nous avons besoin de plus\u00bb, a r\u00e9sum\u00e9 cette semaine le secr\u00e9taire g\u00e9n\u00e9ral de l&rsquo;Otan\u00a0<a href=\"https:\/\/video.lefigaro.fr\/figaro\/international\/le-chef-de-lotan-mark-rutte-denonce-le-comportement-irresponsable-de-la-russie-apres-lintrusion-de-drones-russes-sur-le-territoire-polonais-20250910\" data-fig-type=\"Video\" data-gtm-custom-categorie=\"navigation\" data-gtm-custom-action=\"crossclick\" data-gtm-custom-label=\"Contextuel\" data-gtm-event=\"customEventSPE\" data-fig-domain=\"LEFIGARO\" target=\"_blank\" rel=\"noopener\">Mark Rutte<\/a>, en \u00e9voquant la r\u00e9ponse de l&rsquo;Alliance.<\/p>\n<p class=\"fig-paragraph\">L&rsquo;intrusion d&rsquo;une vingtaine de drones russes en septembre dans l&rsquo;espace a\u00e9rien polonais avait contraint l&rsquo;Otan \u00e0 en abattre trois, une premi\u00e8re depuis sa cr\u00e9ation en 1949. Quelques jours plus tard, les chasseurs de l&rsquo;Otan avaient escort\u00e9 trois MiG russes hors du ciel estonien, apr\u00e8s une intrusion ayant dur\u00e9 12 minutes, un record. Cette r\u00e9ponse dans l&rsquo;urgence avait \u00e9t\u00e9 suivie par le lancement de l&rsquo;op\u00e9ration \u00abEastern Sentry\u00bb (sentinelle orientale) pour renforcer la surveillance du flanc est de l&rsquo;Alliance.<\/p>\n<p>                                    <a class=\"fig-a11y-skip a11y-hidden\" href=\"#fig-a11y-skip-main-inarticle\"><br \/>\n        Passer la publicit\u00e9<br \/>\n    <\/a><\/p>\n<p class=\"fig-paragraph\">Mais plusieurs pays estiment qu&rsquo;il faut aller plus loin en am\u00e9liorant la riposte et en se donnant plus de moyens, selon des diplomates. L&rsquo;Otan envisage ainsi d&rsquo;affiner ses r\u00e8gles d&rsquo;engagement en donnant davantage de flexibilit\u00e9 \u00e0 son commandement militaire.<\/p>\n<p>Un \u00abmur\u00bb anti drones<\/p>\n<p class=\"fig-paragraph\">L&rsquo;id\u00e9e est de simplifier les r\u00e8gles qui reposent sur des syst\u00e8mes diff\u00e9rents et qui limitent parfois la capacit\u00e9 d&rsquo;agir du commandement militaire de l&rsquo;Alliance, ont expliqu\u00e9 ces diplomates. Les ministres discuteront \u00e9galement des moyens de renforcer les moyens de d\u00e9fense et de dissuasion face \u00e0 ces incursions multiples de drones russes ou non identifi\u00e9s, comme cela a \u00e9t\u00e9 le cas au Danemark avant un sommet europ\u00e9en.<\/p>\n<p class=\"fig-paragraph\"><a href=\"http:\/\/www.lefigaro.fr\/international\/l-union-europeenne-examine-des-allegations-d-espionnage-de-la-hongrie-a-bruxelles-20251009\" data-fig-type=\"NewsFlash\" data-gtm-custom-categorie=\"navigation\" data-gtm-custom-action=\"crossclick\" data-gtm-custom-label=\"Contextuel\" data-gtm-event=\"customEventSPE\" data-fig-domain=\"LEFIGARO\" target=\"_blank\" rel=\"noopener\">L&rsquo;Union europ\u00e9enne<\/a>, dont les ministres de la D\u00e9fense se r\u00e9uniront dans la soir\u00e9e mercredi apr\u00e8s l&rsquo;Otan, a propos\u00e9 un \u00abmur\u00bb anti drones pour y faire face. L&rsquo;Otan y est favorable, a assur\u00e9 son secr\u00e9taire g\u00e9n\u00e9ral, encore faut-il que cela se fasse en bonne intelligence avec l&rsquo;Alliance. Celle-ci doit rester ma\u00eetre d&rsquo;\u0153uvre, en indiquant \u00e0 l&rsquo;UE ce qu&rsquo;il convient de faire, a assur\u00e9 un diplomate.<\/p>\n<p class=\"fig-paragraph\">Les ministres de la D\u00e9fense de l&rsquo;Alliance vont \u00e9galement rencontrer leur homologue ukrainien Denys Chmygal lors d&rsquo;un d\u00e9jeuner de travail et d&rsquo;une r\u00e9union du Groupe de contact sur l&rsquo;Ukraine. Celle-ci sera l&rsquo;occasion pour le ministre ukrainien de rappeler aux pays europ\u00e9ens de l&rsquo;Alliance tout le bien-fond\u00e9 du programme Purl, une initiative lanc\u00e9e par Washington qui permet \u00e0 Kiev d&rsquo;acheter des armes am\u00e9ricaines financ\u00e9es par les Europ\u00e9ens.<\/p>\n<p>Des armes pour l\u2019Ukraine<\/p>\n<p class=\"fig-paragraph\">\u00abCe programme est vital, et les alli\u00e9s doivent intensifier leurs efforts et contribuer d\u00e8s maintenant pour exercer une pression sur la Russie afin qu&rsquo;elle vienne \u00e0 la table des n\u00e9gociations,\u00bb a d\u00e9clar\u00e9 mardi l&rsquo;ambassadeur am\u00e9ricain aupr\u00e8s de l&rsquo;Otan Matthew Whitaker.<\/p>\n<p>                                    <a class=\"fig-a11y-skip a11y-hidden\" href=\"#fig-a11y-skip-main-inarticle_mtf\"><br \/>\n        Passer la publicit\u00e9<br \/>\n    <\/a><\/p>\n<p class=\"fig-paragraph\">Kiev a d\u00e9j\u00e0 re\u00e7u deux tranches d&rsquo;aide pour environ deux milliards de dollars, financ\u00e9s par les\u00a0<a href=\"http:\/\/www.lefigaro.fr\/secteur\/high-tech\/les-pays-bas-defient-la-chine-en-reprenant-de-force-le-controle-de-leur-fabricant-de-puces-nexperia-20251013\" data-fig-type=\"Article\" data-gtm-custom-categorie=\"navigation\" data-gtm-custom-action=\"crossclick\" data-gtm-custom-label=\"Contextuel\" data-gtm-event=\"customEventSPE\" data-fig-domain=\"LEFIGARO\" target=\"_blank\" rel=\"noopener\">Pays-Bas<\/a>, et plusieurs pays scandinaves. L&rsquo;Allemagne et le Canada se sont engag\u00e9s \u00e0 en financer deux autres, \u00e0 hauteur de 500 millions de dollars chacun, et Kiev esp\u00e8re que deux autres tranches seront rapidement finalis\u00e9es.<\/p>\n<p class=\"fig-paragraph\">La France ne participe pas \u00e0 ce programme, mais r\u00e9fl\u00e9chit au moyen de faire plus pour aider l&rsquo;Ukraine, au moment o\u00f9 son pr\u00e9sident, Volodymyr Zelensky, r\u00e9clame de Paris davantage de syst\u00e8mes de d\u00e9fense antia\u00e9rienne et de missiles, comme il l&rsquo;a d\u00e9clar\u00e9 dimanche lors d&rsquo;un \u00e9change t\u00e9l\u00e9phonique avec son homologue fran\u00e7ais Emmanuel Macron. Le pr\u00e9sident am\u00e9ricain Donald Trump envisage de son c\u00f4t\u00e9 de permettre \u00e0 l&rsquo;Ukraine de disposer de missiles Tomahawk \u00e0 plus longue port\u00e9e et doit rencontrer le pr\u00e9sident ukrainien<a href=\"http:\/\/www.lefigaro.fr\/international\/volodymyr-zelensky-et-donald-trump-se-parlent-au-telephone-apres-l-attaque-russe-sur-le-reseau-electrique-ukrainien-20251011\" data-fig-type=\"NewsFlash\" data-gtm-custom-categorie=\"navigation\" data-gtm-custom-action=\"crossclick\" data-gtm-custom-label=\"Contextuel\" data-gtm-event=\"customEventSPE\" data-fig-domain=\"LEFIGARO\" target=\"_blank\" rel=\"noopener\">\u00a0Volodymyr Zelensky\u00a0<\/a>vendredi.<\/p>\n<p class=\"fig-paragraph\">Aucune annonce n&rsquo;est attendue sur ce point mercredi, mais \u00abla possibilit\u00e9 de frappes en profondeur pourrait amener Poutine \u00e0 revoir ses calculs\u00bb, car elle \u00abmettrait en danger (&#8230;) des infrastructures \u00e9nerg\u00e9tiques importantes \u00e0 l&rsquo;int\u00e9rieur de la Russie\u00bb, selon Matthew Whitaker.<\/p>\n","protected":false},"excerpt":{"rendered":"Les ministres de la D\u00e9fense de l\u2019Alliance discutent ce mercredi \u00e0 Bruxelles d\u2019un renforcement des moyens militaires et&hellip;\n","protected":false},"author":2,"featured_media":464770,"comment_status":"","ping_status":"","sticky":false,"template":"","format":"standard","meta":{"footnotes":""},"categories":[5],"tags":[11,1011,27,14,29929,12,136,132,28],"class_list":{"0":"post-464769","1":"post","2":"type-post","3":"status-publish","4":"format-standard","5":"has-post-thumbnail","7":"category-international","8":"tag-actualites","9":"tag-fr","10":"tag-france","11":"tag-international","12":"tag-intrusion","13":"tag-news","14":"tag-otan","15":"tag-russie","16":"tag-world"},"share_on_mastodon":{"url":"https:\/\/pubeurope.com\/@fr\/115377930530220774","error":""},"_links":{"self":[{"href":"https:\/\/www.europesays.com\/fr\/wp-json\/wp\/v2\/posts\/464769","targetHints":{"allow":["GET"]}}],"collection":[{"href":"https:\/\/www.europesays.com\/fr\/wp-json\/wp\/v2\/posts"}],"about":[{"href":"https:\/\/www.europesays.com\/fr\/wp-json\/wp\/v2\/types\/post"}],"author":[{"embeddable":true,"href":"https:\/\/www.europesays.com\/fr\/wp-json\/wp\/v2\/users\/2"}],"replies":[{"embeddable":true,"href":"https:\/\/www.europesays.com\/fr\/wp-json\/wp\/v2\/comments?post=464769"}],"version-history":[{"count":0,"href":"https:\/\/www.europesays.com\/fr\/wp-json\/wp\/v2\/posts\/464769\/revisions"}],"wp:featuredmedia":[{"embeddable":true,"href":"https:\/\/www.europesays.com\/fr\/wp-json\/wp\/v2\/media\/464770"}],"wp:attachment":[{"href":"https:\/\/www.europesays.com\/fr\/wp-json\/wp\/v2\/media?parent=464769"}],"wp:term":[{"taxonomy":"category","embeddable":true,"href":"https:\/\/www.europesays.com\/fr\/wp-json\/wp\/v2\/categories?post=464769"},{"taxonomy":"post_tag","embeddable":true,"href":"https:\/\/www.europesays.com\/fr\/wp-json\/wp\/v2\/tags?post=464769"}],"curies":[{"name":"wp","href":"https:\/\/api.w.org\/{rel}","templated":true}]}}