{"id":464775,"date":"2025-10-15T11:26:14","date_gmt":"2025-10-15T11:26:14","guid":{"rendered":"https:\/\/www.europesays.com\/fr\/464775\/"},"modified":"2025-10-15T11:26:14","modified_gmt":"2025-10-15T11:26:14","slug":"il-vole-950-euros-de-cosmetiques-avec-une-technique-tres-atypique","status":"publish","type":"post","link":"https:\/\/www.europesays.com\/fr\/464775\/","title":{"rendered":"il vole 950 euros de cosm\u00e9tiques avec une technique tr\u00e8s atypique"},"content":{"rendered":"\n<p>Ce lundi 13 octobre, peu avant 16h30, un homme de 35 ans a \u00e9t\u00e9 interpell\u00e9 par les forces de l\u2019ordre apr\u00e8s avoir \u00e9t\u00e9 rep\u00e9r\u00e9 par la s\u00e9curit\u00e9 d&rsquo;Auchan Villars pour u vol \u00e0 l&rsquo;\u00e9talage.\u00a0<\/p>\n<p>Sur lui, les forces de l&rsquo;ordre retrouvent pas moins de 950 euros de marchandises. Le moins qu&rsquo;on puisse dire, c&rsquo;est que sa technique \u00e9tait bien rod\u00e9e. Il utilisait en fait des tendeurs avec des \u00e9lastiques pour glisser les articles au niveau de sa taille.<\/p>\n<p>Il va \u00eatre convoqu\u00e9 devant la justice pour vol \u00e0 l\u2019\u00e9talage&#8230;.<\/p>\n<p>\u00a0<\/p>\n","protected":false},"excerpt":{"rendered":"Ce lundi 13 octobre, peu avant 16h30, un homme de 35 ans a \u00e9t\u00e9 interpell\u00e9 par les forces&hellip;\n","protected":false},"author":2,"featured_media":134303,"comment_status":"","ping_status":"","sticky":false,"template":"","format":"standard","meta":{"footnotes":""},"categories":[9653],"tags":[1111,11,2430,1777,674,1011,27,3367,12,1072,25,4001,10246,1175],"class_list":{"0":"post-464775","1":"post","2":"type-post","3":"status-publish","4":"format-standard","5":"has-post-thumbnail","7":"category-saint-etienne","8":"tag-actu","9":"tag-actualites","10":"tag-auvergne-rhone-alpes","11":"tag-eu","12":"tag-europe","13":"tag-fr","14":"tag-france","15":"tag-loire","16":"tag-news","17":"tag-police","18":"tag-republique-francaise","19":"tag-saint-etienne","20":"tag-villars","21":"tag-vol"},"share_on_mastodon":{"url":"https:\/\/pubeurope.com\/@fr\/115377942294786491","error":""},"_links":{"self":[{"href":"https:\/\/www.europesays.com\/fr\/wp-json\/wp\/v2\/posts\/464775","targetHints":{"allow":["GET"]}}],"collection":[{"href":"https:\/\/www.europesays.com\/fr\/wp-json\/wp\/v2\/posts"}],"about":[{"href":"https:\/\/www.europesays.com\/fr\/wp-json\/wp\/v2\/types\/post"}],"author":[{"embeddable":true,"href":"https:\/\/www.europesays.com\/fr\/wp-json\/wp\/v2\/users\/2"}],"replies":[{"embeddable":true,"href":"https:\/\/www.europesays.com\/fr\/wp-json\/wp\/v2\/comments?post=464775"}],"version-history":[{"count":0,"href":"https:\/\/www.europesays.com\/fr\/wp-json\/wp\/v2\/posts\/464775\/revisions"}],"wp:featuredmedia":[{"embeddable":true,"href":"https:\/\/www.europesays.com\/fr\/wp-json\/wp\/v2\/media\/134303"}],"wp:attachment":[{"href":"https:\/\/www.europesays.com\/fr\/wp-json\/wp\/v2\/media?parent=464775"}],"wp:term":[{"taxonomy":"category","embeddable":true,"href":"https:\/\/www.europesays.com\/fr\/wp-json\/wp\/v2\/categories?post=464775"},{"taxonomy":"post_tag","embeddable":true,"href":"https:\/\/www.europesays.com\/fr\/wp-json\/wp\/v2\/tags?post=464775"}],"curies":[{"name":"wp","href":"https:\/\/api.w.org\/{rel}","templated":true}]}}