{"id":464780,"date":"2025-10-15T11:30:24","date_gmt":"2025-10-15T11:30:24","guid":{"rendered":"https:\/\/www.europesays.com\/fr\/464780\/"},"modified":"2025-10-15T11:30:24","modified_gmt":"2025-10-15T11:30:24","slug":"meurthe-moselle-habitat-nancy-54","status":"publish","type":"post","link":"https:\/\/www.europesays.com\/fr\/464780\/","title":{"rendered":"meurthe &#038; moselle Habitat (Nancy, 54)"},"content":{"rendered":"<p class=\"c-paragraph\"><b>mmH poursuit le d\u00e9ploiement de son plan strat\u00e9gique patrimonial, avec la livraison de 200 nouveaux logements locatifs en moyenne chaque ann\u00e9e et de programmes destin\u00e9s \u00e0 l\u2019accession sociale \u00e0 la propri\u00e9t\u00e9, le d\u00e9veloppement de projets mixtes alliant logements et \u00e9quipements publics, la r\u00e9habilitation de r\u00e9sidences et l\u2019implication dans des projets li\u00e9s au NPNRU.<\/b><\/p>\n<p class=\"c-paragraph\"><b>Secteur d\u2019activit\u00e9 : <\/b>OPH. <b>Zone d\u2019intervention :<\/b> Meurthe-et-Moselle.<\/p>\n<p class=\"c-paragraph\"><b>CA 2024 <\/b>: 81,5 M\u20ac. <b>Projets<\/b> : L\u2019Iris\u00e9e, b\u00e2timent passif regroupant une cantine scolaire, un bureau de poste, 14 logements pour seniors \u00e0 Neuves-Maisons (livraison mi-2027).<\/p>\n<p class=\"c-paragraph\"><b>D\u00e9cideurs<\/b> : Chaynesse Khirouni (pr\u00e9sidente), Lionel Mahuet (DG).<\/p>\n<p class=\"c-paragraph\"><b>Contact <\/b>: devimmo@mmhabitat.fr, t\u00e9l. : 03.83.17.55.55.<\/p>\n","protected":false},"excerpt":{"rendered":"mmH poursuit le d\u00e9ploiement de son plan strat\u00e9gique patrimonial, avec la livraison de 200 nouveaux logements locatifs en&hellip;\n","protected":false},"author":2,"featured_media":464781,"comment_status":"","ping_status":"","sticky":false,"template":"","format":"standard","meta":{"footnotes":""},"categories":[9635],"tags":[1111,11,1777,674,1011,27,775,58877,3457,1702,12,25],"class_list":{"0":"post-464780","1":"post","2":"type-post","3":"status-publish","4":"format-standard","5":"has-post-thumbnail","7":"category-nancy","8":"tag-actu","9":"tag-actualites","10":"tag-eu","11":"tag-europe","12":"tag-fr","13":"tag-france","14":"tag-grand-est","15":"tag-le-maitre-douvrage-de-la-semaine","16":"tag-meurthe-et-moselle","17":"tag-nancy","18":"tag-news","19":"tag-republique-francaise"},"share_on_mastodon":{"url":"https:\/\/pubeurope.com\/@fr\/115377958098284093","error":""},"_links":{"self":[{"href":"https:\/\/www.europesays.com\/fr\/wp-json\/wp\/v2\/posts\/464780","targetHints":{"allow":["GET"]}}],"collection":[{"href":"https:\/\/www.europesays.com\/fr\/wp-json\/wp\/v2\/posts"}],"about":[{"href":"https:\/\/www.europesays.com\/fr\/wp-json\/wp\/v2\/types\/post"}],"author":[{"embeddable":true,"href":"https:\/\/www.europesays.com\/fr\/wp-json\/wp\/v2\/users\/2"}],"replies":[{"embeddable":true,"href":"https:\/\/www.europesays.com\/fr\/wp-json\/wp\/v2\/comments?post=464780"}],"version-history":[{"count":0,"href":"https:\/\/www.europesays.com\/fr\/wp-json\/wp\/v2\/posts\/464780\/revisions"}],"wp:featuredmedia":[{"embeddable":true,"href":"https:\/\/www.europesays.com\/fr\/wp-json\/wp\/v2\/media\/464781"}],"wp:attachment":[{"href":"https:\/\/www.europesays.com\/fr\/wp-json\/wp\/v2\/media?parent=464780"}],"wp:term":[{"taxonomy":"category","embeddable":true,"href":"https:\/\/www.europesays.com\/fr\/wp-json\/wp\/v2\/categories?post=464780"},{"taxonomy":"post_tag","embeddable":true,"href":"https:\/\/www.europesays.com\/fr\/wp-json\/wp\/v2\/tags?post=464780"}],"curies":[{"name":"wp","href":"https:\/\/api.w.org\/{rel}","templated":true}]}}