{"id":464790,"date":"2025-10-15T11:35:13","date_gmt":"2025-10-15T11:35:13","guid":{"rendered":"https:\/\/www.europesays.com\/fr\/464790\/"},"modified":"2025-10-15T11:35:13","modified_gmt":"2025-10-15T11:35:13","slug":"ce-torrefacteur-reprend-une-boutique-dans-le-centre-de-rouen","status":"publish","type":"post","link":"https:\/\/www.europesays.com\/fr\/464790\/","title":{"rendered":"ce torr\u00e9facteur reprend une boutique dans le centre de Rouen"},"content":{"rendered":"<p>            Par<br \/>\n        <strong><br \/>\n            <a href=\"https:\/\/actu.fr\/auteur\/jessie-leclerc\" title=\"Consulter tous les articles de Jessie Leclerc\" target=\"_blank\" rel=\"noopener\">Jessie Leclerc<\/a><br \/>\n        <\/strong><\/p>\n<p>        Publi\u00e9 le<\/p>\n<p>            15 oct. 2025 \u00e0 13h16        <\/p>\n<p>\u00c0 premi\u00e8re vue, rien n\u2019a vraiment chang\u00e9 au 62 rue Jeanne-d\u2019Arc, \u00e0 <a href=\"https:\/\/actu.fr\/normandie\/rouen_76540\" target=\"_blank\" rel=\"noopener\">Rouen (Seine-Maritime)<\/a>. Les effluves de caf\u00e9 et de th\u00e9 accueillent toujours les passants. Mais ce n\u2019est d\u00e9sormais plus la m\u00eame enseigne qui y exerce son activit\u00e9. <a href=\"https:\/\/actu.fr\/normandie\/rouen_76540\/nouveau-a-rouen-un-torrefacteur-de-cafe-s-installe-a-la-place-de-bagelstein_61832120.html\" target=\"_blank\" rel=\"noopener\">Le Brazilcaf de Colin Bellon<\/a> est devenu <strong>Coffee Tea, dirig\u00e9 par son p\u00e8re<\/strong>, William Bellon. \u00ab\u2009Ce sont bien <strong>deux entreprises diff\u00e9rentes<\/strong>\u2009\u00bb, souligne William, qui poss\u00e8de d\u00e9j\u00e0 deux boutiques \u00e0 Boos et \u00e0 Fauville-en-Caux. Son fils, lui, continue l\u2019aventure \u00e0 Saint-Romain-de-Colbosc, Elbeuf et bient\u00f4t au Neubourg.<\/p>\n<p>Une transmission \u00ab\u2009de fils \u00e0 p\u00e8re\u2009\u00bb<\/p>\n<p class=\" wall-content\">Ici, <strong>la transmission est invers\u00e9e<\/strong>. \u00ab\u2009Ce n\u2019est pas de p\u00e8re \u00e0 fils, mais de fils \u00e0 p\u00e8re\u2009\u00bb, s\u2019amuse William. \u00ab\u2009Mon fils a commenc\u00e9 en 2022. Je l\u2019ai d\u2019abord aid\u00e9, puis il m\u2019a transmis le virus.\u2009\u00bb<\/p>\n<p class=\" wall-content\">Pour se perfectionner, le quinquag\u00e9naire s\u2019est form\u00e9 \u00e0 Paris aupr\u00e8s, notamment, d\u2019un champion du monde <a href=\"https:\/\/actu.fr\/normandie\/buchy_76146\/ce-torrefacteur-pres-de-rouen-a-realise-le-meilleur-melange-pour-expresso-de-france_60168056.html\" target=\"_blank\" rel=\"noopener\">en torr\u00e9faction<\/a>, avant d\u2019ouvrir son propre atelier \u00e0 Y\u00e9bleron.<\/p>\n<p>Nouveaut\u00e9\u2009: des m\u00e9langes originaux<\/p>\n<p class=\" wall-content\">Cette reprise n\u2019est pas un simple passage de relais. William apporte sa signature. Il propose aujourd\u2019hui <strong>13 caf\u00e9s de toutes origines<\/strong> et en fait maturer certains en f\u00fbts de Calvados, de Saint-\u00c9milion ou encore de rhum, un proc\u00e9d\u00e9 rare\u2009: \u00ab\u2009Nous ne sommes que deux \u00e0 le faire en France\u2009\u00bb, affirme-t-il.<\/p>\n<p class=\" wall-content\">Les th\u00e9s ne sont pas en reste. Le passionn\u00e9 <a href=\"https:\/\/actu.fr\/normandie\/rouen_76540\/a-rouen-plus-de-100-references-de-thes-et-de-cafes-dans-cette-nouvelle-boutique_62916035.html\" target=\"_blank\" rel=\"noopener\">propose 126 saveurs<\/a>, dont des m\u00e9langes uniques qu\u2019il pr\u00e9pare directement sur Rouen.<\/p>\n<p class=\" wall-content\">Lorsque des parfums reviennent dans les discussions avec ses clients, il en fait une<strong> recette maison<\/strong>. Certaines sont bien originales\u2009: quatre menthes, <a href=\"https:\/\/actu.fr\/normandie\/rouen_76540\/rouen-nos-bonnes-adresses-pour-une-galette-des-rois-originale_60527464.html\" target=\"_blank\" rel=\"noopener\">galette des rois<\/a>, banane chocolat, hibiscus fraise mangue\u2026 \u00ab\u2009Le plus long, c\u2019est de trouver le bon dosage, sans ar\u00f4mes, \u00e0 partir de fruits s\u00e9ch\u00e9s\u2009\u00bb, pr\u00e9cise William.<\/p>\n<p class=\" wall-content\">Le g\u00e9rant n\u2019a pas la pr\u00e9tention de tout r\u00e9inventer, mais celle de \u00ab\u2009proposer des produits de qualit\u00e9\u2009\u00bb. La boutique propose aussi des th\u00e9s Dammann et Kusmi Tea ainsi qu\u2019une <strong>s\u00e9lection d\u2019\u00e9picerie fine<\/strong>\u2009: confitures, p\u00e2tes de fruits, chocolats Valrhona\u2026<\/p>\n<p>Votre r\u00e9gion, votre actu !<\/p>\n<p>Recevez chaque jour les infos qui comptent pour vous.<\/p>\n<p>\t<a href=\"https:\/\/actu.fr\/newsletter\" class=\"ac-btn ac-btn--corner ac-btn--medium ac-btn--blue800\" target=\"_blank\" rel=\"noopener\">S&rsquo;incrire<\/a><\/p>\n<p class=\" wall-content\">William pr\u00e9voit aussi d\u2019\u00e9tendre sa franchise avec une ouverture prochaine \u00e0 Saint-Germain-en-Laye, dans les Yvelines.<\/p>\n<p>Suivez l\u2019actualit\u00e9 de Rouen <a href=\"https:\/\/www.whatsapp.com\/channel\/0029VaKfnf99hXF2ddApFB1D\" target=\"_blank\" rel=\"noopener\">sur notre cha\u00eene WhatsApp<\/a> et <a href=\"https:\/\/www.tiktok.com\/@76actu.fr?lang=fr\" target=\"_blank\" rel=\"noopener\">sur notre compte TikTok<\/a><\/p>\n<p class=\" wall-content\">Personnalisez votre actualit\u00e9 en ajoutant vos villes et m\u00e9dias en favori avec <a href=\"https:\/\/moncompte.actu.fr\" title=\"D\u00e9couvez Mon Actu\" rel=\"nofollow noopener\" data-trk=\"{&quot;cta&quot;:{&quot;action&quot;:&quot;https:\\\/\\\/moncompte.actu.fr&quot;,&quot;category&quot;:&quot;mon compte&quot;,&quot;from&quot;:&quot;article footer&quot;,&quot;name&quot;:&quot;Mon actu&quot;,&quot;type&quot;:&quot;cta&quot;}}\" target=\"_blank\">Mon Actu<\/a>.<\/p>\n<p>                    <script async src=\"\/\/www.tiktok.com\/embed.js\"><\/script><\/p>\n","protected":false},"excerpt":{"rendered":"Par Jessie Leclerc Publi\u00e9 le 15 oct. 2025 \u00e0 13h16 \u00c0 premi\u00e8re vue, rien n\u2019a vraiment chang\u00e9 au&hellip;\n","protected":false},"author":2,"featured_media":464791,"comment_status":"","ping_status":"","sticky":false,"template":"","format":"standard","meta":{"footnotes":""},"categories":[9587],"tags":[1111,11,1477,9086,1777,674,1011,27,1652,12,5161,3147,25,9590],"class_list":{"0":"post-464790","1":"post","2":"type-post","3":"status-publish","4":"format-standard","5":"has-post-thumbnail","7":"category-rouen","8":"tag-actu","9":"tag-actualites","10":"tag-artisanat","11":"tag-bon-plan-a-rouen","12":"tag-eu","13":"tag-europe","14":"tag-fr","15":"tag-france","16":"tag-loisirs-culture","17":"tag-news","18":"tag-normandie","19":"tag-nouveaux-commerces","20":"tag-republique-francaise","21":"tag-rouen"},"share_on_mastodon":{"url":"https:\/\/pubeurope.com\/@fr\/115377977784654418","error":""},"_links":{"self":[{"href":"https:\/\/www.europesays.com\/fr\/wp-json\/wp\/v2\/posts\/464790","targetHints":{"allow":["GET"]}}],"collection":[{"href":"https:\/\/www.europesays.com\/fr\/wp-json\/wp\/v2\/posts"}],"about":[{"href":"https:\/\/www.europesays.com\/fr\/wp-json\/wp\/v2\/types\/post"}],"author":[{"embeddable":true,"href":"https:\/\/www.europesays.com\/fr\/wp-json\/wp\/v2\/users\/2"}],"replies":[{"embeddable":true,"href":"https:\/\/www.europesays.com\/fr\/wp-json\/wp\/v2\/comments?post=464790"}],"version-history":[{"count":0,"href":"https:\/\/www.europesays.com\/fr\/wp-json\/wp\/v2\/posts\/464790\/revisions"}],"wp:featuredmedia":[{"embeddable":true,"href":"https:\/\/www.europesays.com\/fr\/wp-json\/wp\/v2\/media\/464791"}],"wp:attachment":[{"href":"https:\/\/www.europesays.com\/fr\/wp-json\/wp\/v2\/media?parent=464790"}],"wp:term":[{"taxonomy":"category","embeddable":true,"href":"https:\/\/www.europesays.com\/fr\/wp-json\/wp\/v2\/categories?post=464790"},{"taxonomy":"post_tag","embeddable":true,"href":"https:\/\/www.europesays.com\/fr\/wp-json\/wp\/v2\/tags?post=464790"}],"curies":[{"name":"wp","href":"https:\/\/api.w.org\/{rel}","templated":true}]}}