{"id":464794,"date":"2025-10-15T11:38:13","date_gmt":"2025-10-15T11:38:13","guid":{"rendered":"https:\/\/www.europesays.com\/fr\/464794\/"},"modified":"2025-10-15T11:38:13","modified_gmt":"2025-10-15T11:38:13","slug":"la-police-va-partout-il-ny-a-pas-de-zone-de-non-droit","status":"publish","type":"post","link":"https:\/\/www.europesays.com\/fr\/464794\/","title":{"rendered":"\u00ab\u00a0La police va partout, il n&rsquo;y a pas de zone de non-droit\u00a0\u00bb"},"content":{"rendered":"<p>Apr\u00e8s la vaste op\u00e9ration anti-stup men\u00e9e ce mercredi dans un quartier de Grenoble, le procureur de la R\u00e9publique, Etienne Manteaux, a annonc\u00e9 trois interpellations, et 24 perquisitions sans contrainte.<\/p>\n<p>Durant la matin\u00e9e, 10\u00a0kilos de r\u00e9sine de cannabis, 10 000 euros, une arme de cat\u00e9gorie B et des munitions de calibre 7,62 ont ainsi\u00a0\u00e9t\u00e9\u00a0saisis dans plusieurs appartements. Des pochons de coca\u00efne, de la r\u00e9sine de cannabis et de la drogue de synth\u00e8se MDMA ont aussi \u00e9t\u00e9 trouv\u00e9es dans les faines techniques, les caves ou aux abords de l&rsquo;immeuble.<\/p>\n<p>\u00ab\u00a0D&rsquo;autres op\u00e9rations de ce type seront men\u00e9es dans d&rsquo;autres quartiers de l&rsquo;agglom\u00e9ration\u00a0\u00bb, a annonc\u00e9 J\u00e9r\u00f4me Chappa,\u00a0directeur interd\u00e9partemental de la police nationale de l&rsquo;Is\u00e8re. Il a aussi insist\u00e9 sur le fait que \u00ab\u00a0la police va partout\u00a0\u00bb et qu&rsquo;\u00ab\u00a0il n&rsquo;y a pas de zone de non droit\u00a0\u00bb.<\/p>\n","protected":false},"excerpt":{"rendered":"Apr\u00e8s la vaste op\u00e9ration anti-stup men\u00e9e ce mercredi dans un quartier de Grenoble, le procureur de la R\u00e9publique,&hellip;\n","protected":false},"author":2,"featured_media":464795,"comment_status":"","ping_status":"","sticky":false,"template":"","format":"standard","meta":{"footnotes":""},"categories":[9566],"tags":[1111,11,2430,271,272,112,1777,674,274,107,1011,27,329,2731,2732,108,12,25],"class_list":{"0":"post-464794","1":"post","2":"type-post","3":"status-publish","4":"format-standard","5":"has-post-thumbnail","7":"category-grenoble","8":"tag-actu","9":"tag-actualites","10":"tag-auvergne-rhone-alpes","11":"tag-crime","12":"tag-delit-et-contravention","13":"tag-edition-grenoble-agglomeration","14":"tag-eu","15":"tag-europe","16":"tag-faits-divers-justice","17":"tag-fil-info","18":"tag-fr","19":"tag-france","20":"tag-france-monde","21":"tag-grenoble","22":"tag-grenoble-bassin","23":"tag-isere","24":"tag-news","25":"tag-republique-francaise"},"share_on_mastodon":{"url":"https:\/\/pubeurope.com\/@fr\/115377989565480334","error":""},"_links":{"self":[{"href":"https:\/\/www.europesays.com\/fr\/wp-json\/wp\/v2\/posts\/464794","targetHints":{"allow":["GET"]}}],"collection":[{"href":"https:\/\/www.europesays.com\/fr\/wp-json\/wp\/v2\/posts"}],"about":[{"href":"https:\/\/www.europesays.com\/fr\/wp-json\/wp\/v2\/types\/post"}],"author":[{"embeddable":true,"href":"https:\/\/www.europesays.com\/fr\/wp-json\/wp\/v2\/users\/2"}],"replies":[{"embeddable":true,"href":"https:\/\/www.europesays.com\/fr\/wp-json\/wp\/v2\/comments?post=464794"}],"version-history":[{"count":0,"href":"https:\/\/www.europesays.com\/fr\/wp-json\/wp\/v2\/posts\/464794\/revisions"}],"wp:featuredmedia":[{"embeddable":true,"href":"https:\/\/www.europesays.com\/fr\/wp-json\/wp\/v2\/media\/464795"}],"wp:attachment":[{"href":"https:\/\/www.europesays.com\/fr\/wp-json\/wp\/v2\/media?parent=464794"}],"wp:term":[{"taxonomy":"category","embeddable":true,"href":"https:\/\/www.europesays.com\/fr\/wp-json\/wp\/v2\/categories?post=464794"},{"taxonomy":"post_tag","embeddable":true,"href":"https:\/\/www.europesays.com\/fr\/wp-json\/wp\/v2\/tags?post=464794"}],"curies":[{"name":"wp","href":"https:\/\/api.w.org\/{rel}","templated":true}]}}