{"id":464800,"date":"2025-10-15T11:41:11","date_gmt":"2025-10-15T11:41:11","guid":{"rendered":"https:\/\/www.europesays.com\/fr\/464800\/"},"modified":"2025-10-15T11:41:11","modified_gmt":"2025-10-15T11:41:11","slug":"les-lyceens-de-rostand-sont-deja-ingenieux","status":"publish","type":"post","link":"https:\/\/www.europesays.com\/fr\/464800\/","title":{"rendered":"les lyc\u00e9ens de Rostand sont d\u00e9j\u00e0 ing\u00e9nieux"},"content":{"rendered":"<p>Un jour pas comme les autres, en salle de classe, pour trente \u00e9l\u00e8ves du lyc\u00e9e Jean-Rostand \u00e0 l\u2019Esplanade. Lundi 13\u00a0octobre, une premi\u00e8re de la fili\u00e8re baccalaur\u00e9at STL &#8211; Sciences et technologie de laboratoire, sp\u00e9cialit\u00e9 biotechnologies &#8211; a relev\u00e9 le d\u00e9fi d\u2019une simulation d\u2019entreprise, en se projetant dans l\u2019univers pharmaceutique pour concevoir un m\u00e9dicament d\u2019avant-garde. Tel \u00e9tait le programme de la journ\u00e9e \u00ab\u00a0Mini-Entreprise \u00bb organis\u00e9e sous l\u2019\u00e9gide d\u2019 <a href=\"https:\/\/www.entreprendre-pour-apprendre.fr\/\" target=\"_blank\" rel=\"nofollow noopener\">Entreprendre pour apprendre<\/a> , partenaire de l\u2019acad\u00e9mie de Strasbourg, avec le soutien du <a href=\"https:\/\/www.dna.fr\/sante\/2012\/02\/24\/les-deux-faces-de-la-pilule\" target=\"_blank\" rel=\"nofollow noopener\">LEEM<\/a> (Les Entreprises du M\u00e9dicament), syndicat des acteurs de l\u2019industrie de la sant\u00e9. <\/p>\n<p>Dans le b\u00e2timent 7 de l\u2019\u00e9tablissement, l\u2019initiative s\u2019est \u00e9tal\u00e9e entre des ateliers \u00ab\u00a0brainstorming\u00a0\u00bb et une phase de restitution pour d\u00e9fendre les&#8230;<\/p>\n","protected":false},"excerpt":{"rendered":"Un jour pas comme les autres, en salle de classe, pour trente \u00e9l\u00e8ves du lyc\u00e9e Jean-Rostand \u00e0 l\u2019Esplanade.&hellip;\n","protected":false},"author":2,"featured_media":464801,"comment_status":"","ping_status":"","sticky":false,"template":"","format":"standard","meta":{"footnotes":""},"categories":[2820],"tags":[1111,11,2880,1057,1777,674,107,5016,1011,27,775,12,25,640,2879],"class_list":{"0":"post-464800","1":"post","2":"type-post","3":"status-publish","4":"format-standard","5":"has-post-thumbnail","7":"category-strasbourg","8":"tag-actu","9":"tag-actualites","10":"tag-edition-strasbourg","11":"tag-education","12":"tag-eu","13":"tag-europe","14":"tag-fil-info","15":"tag-formation-orientation","16":"tag-fr","17":"tag-france","18":"tag-grand-est","19":"tag-news","20":"tag-republique-francaise","21":"tag-strasbourg","22":"tag-strasbourg-ville"},"share_on_mastodon":{"url":"https:\/\/pubeurope.com\/@fr\/115378001338909770","error":""},"_links":{"self":[{"href":"https:\/\/www.europesays.com\/fr\/wp-json\/wp\/v2\/posts\/464800","targetHints":{"allow":["GET"]}}],"collection":[{"href":"https:\/\/www.europesays.com\/fr\/wp-json\/wp\/v2\/posts"}],"about":[{"href":"https:\/\/www.europesays.com\/fr\/wp-json\/wp\/v2\/types\/post"}],"author":[{"embeddable":true,"href":"https:\/\/www.europesays.com\/fr\/wp-json\/wp\/v2\/users\/2"}],"replies":[{"embeddable":true,"href":"https:\/\/www.europesays.com\/fr\/wp-json\/wp\/v2\/comments?post=464800"}],"version-history":[{"count":0,"href":"https:\/\/www.europesays.com\/fr\/wp-json\/wp\/v2\/posts\/464800\/revisions"}],"wp:featuredmedia":[{"embeddable":true,"href":"https:\/\/www.europesays.com\/fr\/wp-json\/wp\/v2\/media\/464801"}],"wp:attachment":[{"href":"https:\/\/www.europesays.com\/fr\/wp-json\/wp\/v2\/media?parent=464800"}],"wp:term":[{"taxonomy":"category","embeddable":true,"href":"https:\/\/www.europesays.com\/fr\/wp-json\/wp\/v2\/categories?post=464800"},{"taxonomy":"post_tag","embeddable":true,"href":"https:\/\/www.europesays.com\/fr\/wp-json\/wp\/v2\/tags?post=464800"}],"curies":[{"name":"wp","href":"https:\/\/api.w.org\/{rel}","templated":true}]}}