{"id":46481,"date":"2025-04-23T11:51:12","date_gmt":"2025-04-23T11:51:12","guid":{"rendered":"https:\/\/www.europesays.com\/fr\/46481\/"},"modified":"2025-04-23T11:51:12","modified_gmt":"2025-04-23T11:51:12","slug":"philippe-katerine-tout-bleu-sur-un-transformateur-electrique-et-au-zenith-de-nantes-ce-mercredi","status":"publish","type":"post","link":"https:\/\/www.europesays.com\/fr\/46481\/","title":{"rendered":"Philippe Katerine tout bleu sur un transformateur \u00e9lectrique et au Z\u00e9nith de Nantes ce mercredi"},"content":{"rendered":"<p>Vu, ce mardi 22\u00a0avril, rue du Coudray, \u00e0 Nantes, sur un transformateur \u00e9lectrique, ce collage sign\u00e9 Catside, qui pr\u00e9sente Philippe Katerine, tout nu et tout bleu, comme \u00e0 <a href=\"https:\/\/rennes.maville.com\/sport\/detail_-jo-2024.-philippe-katerine-tout-nu-a-la-ceremonie-d-ouverture-des-jeux-olympiques-_54135-6397834_actu.Htm\" target=\"_self\" rel=\"noopener\">la c\u00e9r\u00e9monie d\u2019ouverture des JO, l\u2019\u00e9t\u00e9 dernier,<\/a> o\u00f9 il avait fait sensation ou, selon, scandale. Avec, en dessous, ces mots sortis de la chanson Nu et qui sont un beau message\u00a0: \u00ab\u00a0O\u00f9 cacher un revolver quand on est tout nu\u00a0?\u00a0\u00bb\u00a0<\/p>\n<p>On en profite pour rappeler que <a href=\"https:\/\/nantes.maville.com\/actu\/actudet_-philippe-katerine-sur-la-scene-du-zenith-de-nantes-en-avril-2025-avec-sa-tournee-zouzou-tour-_8-6447504_actu.Htm\" target=\"_self\" rel=\"noopener\">Philippe Katerine est en concert ce soir, au Z\u00e9nith de Nantes<\/a>, avec son Zouzou tour qui d\u00e9bute. Il reste des places \u00e0 partir de 34\u00a0\u20ac.<\/p>\n<p>\u00a0<\/p>\n","protected":false},"excerpt":{"rendered":"Vu, ce mardi 22\u00a0avril, rue du Coudray, \u00e0 Nantes, sur un transformateur \u00e9lectrique, ce collage sign\u00e9 Catside, qui&hellip;\n","protected":false},"author":2,"featured_media":46482,"comment_status":"","ping_status":"","sticky":false,"template":"","format":"standard","meta":{"footnotes":""},"categories":[2818],"tags":[1111,11,13603,8722,1777,674,1011,27,13602,6774,766,12,2636,6284,25,4937,3467,13604,12177],"class_list":{"0":"post-46481","1":"post","2":"type-post","3":"status-publish","4":"format-standard","5":"has-post-thumbnail","7":"category-nantes","8":"tag-actu","9":"tag-actualites","10":"tag-bleu","11":"tag-electrique","12":"tag-eu","13":"tag-europe","14":"tag-fr","15":"tag-france","16":"tag-katerine","17":"tag-mercredi","18":"tag-nantes","19":"tag-news","20":"tag-pays-de-la-loire","21":"tag-philippe","22":"tag-republique-francaise","23":"tag-saint-brieuc","24":"tag-soir","25":"tag-transformateur","26":"tag-zenith"},"share_on_mastodon":{"url":"https:\/\/pubeurope.com\/@fr\/114387136313472361","error":""},"_links":{"self":[{"href":"https:\/\/www.europesays.com\/fr\/wp-json\/wp\/v2\/posts\/46481","targetHints":{"allow":["GET"]}}],"collection":[{"href":"https:\/\/www.europesays.com\/fr\/wp-json\/wp\/v2\/posts"}],"about":[{"href":"https:\/\/www.europesays.com\/fr\/wp-json\/wp\/v2\/types\/post"}],"author":[{"embeddable":true,"href":"https:\/\/www.europesays.com\/fr\/wp-json\/wp\/v2\/users\/2"}],"replies":[{"embeddable":true,"href":"https:\/\/www.europesays.com\/fr\/wp-json\/wp\/v2\/comments?post=46481"}],"version-history":[{"count":0,"href":"https:\/\/www.europesays.com\/fr\/wp-json\/wp\/v2\/posts\/46481\/revisions"}],"wp:featuredmedia":[{"embeddable":true,"href":"https:\/\/www.europesays.com\/fr\/wp-json\/wp\/v2\/media\/46482"}],"wp:attachment":[{"href":"https:\/\/www.europesays.com\/fr\/wp-json\/wp\/v2\/media?parent=46481"}],"wp:term":[{"taxonomy":"category","embeddable":true,"href":"https:\/\/www.europesays.com\/fr\/wp-json\/wp\/v2\/categories?post=46481"},{"taxonomy":"post_tag","embeddable":true,"href":"https:\/\/www.europesays.com\/fr\/wp-json\/wp\/v2\/tags?post=46481"}],"curies":[{"name":"wp","href":"https:\/\/api.w.org\/{rel}","templated":true}]}}