{"id":464825,"date":"2025-10-15T11:54:19","date_gmt":"2025-10-15T11:54:19","guid":{"rendered":"https:\/\/www.europesays.com\/fr\/464825\/"},"modified":"2025-10-15T11:54:19","modified_gmt":"2025-10-15T11:54:19","slug":"a-marseille-face-a-la-montee-du-racisme-un-collectif-dassociations-lance-une-petition-pour-dire-stop-a-la-stigmatisation","status":"publish","type":"post","link":"https:\/\/www.europesays.com\/fr\/464825\/","title":{"rendered":"\u00c0 Marseille, face \u00e0 la mont\u00e9e du racisme, un collectif d\u2019associations lance une p\u00e9tition pour dire \u00ab\u00a0Stop \u00e0 la stigmatisation\u00a0\u00bb"},"content":{"rendered":"<p>Face \u00e0 l&rsquo;explosion des actes antimusulmans (+ 75 % sur la p\u00e9riode de janvier \u00e0 mai 2025 d&rsquo;apr\u00e8s les donn\u00e9es du minist\u00e8re de l&rsquo;Int\u00e9rieur),<strong> <\/strong>ces citoyens, pour la plupart originaires du Maghreb et d&rsquo;autres pays africains, tous engag\u00e9s au sein d&rsquo;associations*, viennent de mettre en ligne <a href=\"https:\/\/c.org\/5W2nsZHXKj\" target=\"_blank\">une p\u00e9tition<\/a> pour dire \u00ab\u00a0Stop \u00e0 la stigmatisation\u00a0\u00bb et publient un manifeste \u00ab\u00a0pour la dignit\u00e9 et l&rsquo;\u00e9galit\u00e9\u00a0\u00bb.\u00a0<\/p>\n<p>\u00ab\u00a0La situation actuelle, d\u00e9l\u00e9t\u00e8re et naus\u00e9abonde, cible notre communaut\u00e9 \u00ab\u00a0racis\u00e9e\u00a0\u00bb, \u00e9crivent-ils. Aujourd&rsquo;hui, nous prenons la parole. Notre silence n&rsquo;est plus une option\u00a0\u00bb. Apr\u00e8s avoir rappel\u00e9 qu&rsquo;ils sont pour la plupart des \u00e9lecteurs, ils d\u00e9noncent \u00ab\u00a0les stigmatisations syst\u00e9miques, les discriminations dans l&rsquo;acc\u00e8s au logement, \u00e0 l&#8217;emploi, \u00e0 l&rsquo;\u00e9ducation, \u00e0 la sant\u00e9 et le<strong>\u00a0<\/strong>racisme ordinaire et institutionnel\u00a0\u00bb. Et appellent \u00e0 une \u00ab\u00a0R\u00e9publique plus \u00e9galitaire, plus forte de ses valeurs, de sa justice et de sa police et une repr\u00e9sentativit\u00e9 plus r\u00e9elle de la population marseillaise dans les diff\u00e9rentes instances politiques et d\u00e9cisionnelles\u00a0\u00bb.\u00a0<\/p>\n<p>Leur prise de parole publique trouve son origine dans la d\u00e9ferlante de propos et actes racistes de ces derniers mois. \u00ab\u00a0Je m&rsquo;appelle Abdelkader, raconte Abdelkader Hagoug, 68 ans, ancien pr\u00e9sident de Cesam. Alors, quand en septembre apr\u00e8s le drame de Belsunce, j&rsquo;ai entendu St\u00e9phane Ravier (Ex-RN, ex-Reconqu\u00eate, Ndlr), dire\u00a0: \u00ab\u00a0Combien d&rsquo;Abdelkader connus pour leur violence et leur radicalit\u00e9 vivent encore dans nos rues G\u00e9rald Darmanin ?\u00a0\u00bb, cela m&rsquo;a heurt\u00e9. Je suis int\u00e9gr\u00e9, je suis un ancien fonctionnaire, mon p\u00e8re a fait la guerre de 1014-1918 et a \u00e9t\u00e9 d\u00e9cor\u00e9 de la Croix de guerre, il a aussi fait la guerre d&rsquo;Indochine, je n&rsquo;ai pas \u00e0 vivre \u00e7a. Je ne peux plus \u00eatre dans le silence\u00a0\u00bb.<\/p>\n<p>\u00ab\u00a0Un climat naus\u00e9abond\u00a0\u00bb<\/p>\n<p>Les <a href=\"https:\/\/www.laprovence.com\/article\/region\/44634377344660\/benoit-payan-menace-de-mort-pour-un-couscous-le-maire-de-marseille-depose-plainte-contre-x\" target=\"_blank\" rel=\"noopener\">menaces de mort<\/a> \u00e0 l&rsquo;encontre du maire Beno\u00eet Payan, prof\u00e9r\u00e9es sur X en commentaires d&rsquo;une vid\u00e9o o\u00f9 on le voit manger un couscous \u00e0 Noailles (1er) dans le cadre du festival marseillais Kouss Kouss, les ont aussi profond\u00e9ment indign\u00e9s, tout comme l&rsquo;inscription \u00ab\u00a0<a href=\"https:\/\/www.laprovence.com\/article\/politique\/70668290011965\/mort-aux-arabes-des-inscriptions-racistes-sur-la-porte-du-bureau-daudrey-garino-pcf-au-departement\" target=\"_blank\" rel=\"noopener\">Mort aux Arabes<\/a>\u00a0\u00bb \u00e9crite au feutre noir sur la porte du bureau de la conseill\u00e8re d\u00e9partementale communiste Audrey Garino. \u00ab\u00a0Cette inscription rappelle les ratonnades des ann\u00e9es 1970 \u00e0 Marseille ou encore la manifestation du 17\u00a0octobre 1961 (qui fit l&rsquo;objet d&rsquo;une r\u00e9pression polici\u00e8re meurtri\u00e8re \u00e0 l&rsquo;encontre de militants du Front de lib\u00e9ration nationale, FLN, Ndlr) o\u00f9 certains criaient Mort aux Arabes\u00a0\u00bb, d\u00e9plore Soraya Larguem, fille d&rsquo;un ancien militant du FLN et pr\u00e9sidente de l&rsquo;association de quartier (3e) Le meilleur est Avenir. La radicalisation de la candidate de la droite et du centre aux prochaines municipales, Martine Vassal, qui indique avoir \u00ab\u00a0avec le RN, quand on parle de s\u00e9curit\u00e9 ou d&rsquo;immigration, des valeurs sur lesquelles on se retrouve\u00a0\u00bb ou qui \u00ab\u00a0<a href=\"https:\/\/www.laprovence.com\/article\/elections\/7588454038676314\/municipales-2026-vassal-dvd-appelle-les-electeurs-orphelins-de-ravier-extreme-droite-a-regarder-son-programme\" target=\"_blank\" rel=\"noopener\">tend la main aux \u00e9lecteurs de St\u00e9phane Ravier<\/a>\u00a0\u00bb &#8211; les inqui\u00e8te tout autant.\u00a0<\/p>\n<p>\u00ab\u00a0Beaucoup d&rsquo;entre nous ont particip\u00e9 \u00e0 la marche de l&rsquo;\u00e9galit\u00e9 et contre le racisme (parti de la cit\u00e9 de la Cayolle le 15 octobre 1983, Ndlr),\u00a0moi-m\u00eame j&rsquo;y \u00e9tais, se souvient la militante associative Zoubida Meguenni, responsable du collectif citoyen Passerelle franco-alg\u00e9rien. Cette marche avait soulev\u00e9 beaucoup d&rsquo;espoir, pour nous, pour nos enfants. Et on s&rsquo;aper\u00e7oit qu&rsquo;aujourd&rsquo;hui le climat est naus\u00e9abond\u00a0\u00bb.\u00a0<\/p>\n<p>Dans leur manifeste, ces associations listent une s\u00e9rie de propositions : \u00ab\u00a0une m\u00e9moire partag\u00e9e sur l&rsquo;histoire de la colonisation et de l&rsquo;immigration enseign\u00e9e dans toutes les \u00e9coles\u00a0\u00bb, \u00ab\u00a0la promotion d&rsquo;actions et de projets visant \u00e0 valoriser la double culture\u00a0\u00bb ou encore \u00ab\u00a0la mise en place d&rsquo;une Instance permanente municipale, d\u00e9partementale, r\u00e9gionale, nationale de contr\u00f4le pour lutter contre le racisme syst\u00e9mique\u00a0\u00bb.<\/p>\n<p>Comme Ali Amouche, du collectif Passerelle, ces militants ne veulent plus se taire : \u00ab\u00a0Il y a eu tous ces propos, ces actes, pendant des mois, des ann\u00e9es, et en face notre silence, regrette-t-il. Aujourd&rsquo;hui, nous devons exister collectivement en politique pour avoir le privil\u00e8ge d&rsquo;exister individuellement en soci\u00e9t\u00e9\u00a0\u00bb.\u00a0<\/p>\n<p>(*) : Cesam (Centre d&rsquo;interventions sociales en milieu interculturel de Marseille), Collectif Citoyen Passerelle franco-alg\u00e9rien, L&rsquo;apr\u00e8s M, Association Culturelle AMAZIGH (La Cabucelle), Le meilleur est avenir (Association de jeunes de F\u00e9lix Pyat), Citoyens Pluriels, Citoyens de France, Alliance Citoyens du Monde, Club de foot du quartier d&rsquo;Air Bel, CRAN (Conseil repr\u00e9sentatif des associations noires), MOUDAF (Mouvement de la Diaspora Alg\u00e9rienne de France).<\/p>\n","protected":false},"excerpt":{"rendered":"Face \u00e0 l&rsquo;explosion des actes antimusulmans (+ 75 % sur la p\u00e9riode de janvier \u00e0 mai 2025 d&rsquo;apr\u00e8s&hellip;\n","protected":false},"author":2,"featured_media":464826,"comment_status":"","ping_status":"","sticky":false,"template":"","format":"standard","meta":{"footnotes":""},"categories":[2814],"tags":[17,1111,11,7819,58879,1777,674,2823,1011,27,9447,884,17297,12,882,10162,25,104],"class_list":{"0":"post-464825","1":"post","2":"type-post","3":"status-publish","4":"format-standard","5":"has-post-thumbnail","7":"category-marseille","8":"tag-17","9":"tag-actu","10":"tag-actualites","11":"tag-collectif","12":"tag-dassociations","13":"tag-eu","14":"tag-europe","15":"tag-face","16":"tag-fr","17":"tag-france","18":"tag-lance","19":"tag-marseille","20":"tag-montee","21":"tag-news","22":"tag-provence-alpes-cote-dazur","23":"tag-racisme","24":"tag-republique-francaise","25":"tag-societe"},"share_on_mastodon":{"url":"https:\/\/pubeurope.com\/@fr\/115378052554497631","error":""},"_links":{"self":[{"href":"https:\/\/www.europesays.com\/fr\/wp-json\/wp\/v2\/posts\/464825","targetHints":{"allow":["GET"]}}],"collection":[{"href":"https:\/\/www.europesays.com\/fr\/wp-json\/wp\/v2\/posts"}],"about":[{"href":"https:\/\/www.europesays.com\/fr\/wp-json\/wp\/v2\/types\/post"}],"author":[{"embeddable":true,"href":"https:\/\/www.europesays.com\/fr\/wp-json\/wp\/v2\/users\/2"}],"replies":[{"embeddable":true,"href":"https:\/\/www.europesays.com\/fr\/wp-json\/wp\/v2\/comments?post=464825"}],"version-history":[{"count":0,"href":"https:\/\/www.europesays.com\/fr\/wp-json\/wp\/v2\/posts\/464825\/revisions"}],"wp:featuredmedia":[{"embeddable":true,"href":"https:\/\/www.europesays.com\/fr\/wp-json\/wp\/v2\/media\/464826"}],"wp:attachment":[{"href":"https:\/\/www.europesays.com\/fr\/wp-json\/wp\/v2\/media?parent=464825"}],"wp:term":[{"taxonomy":"category","embeddable":true,"href":"https:\/\/www.europesays.com\/fr\/wp-json\/wp\/v2\/categories?post=464825"},{"taxonomy":"post_tag","embeddable":true,"href":"https:\/\/www.europesays.com\/fr\/wp-json\/wp\/v2\/tags?post=464825"}],"curies":[{"name":"wp","href":"https:\/\/api.w.org\/{rel}","templated":true}]}}