{"id":464839,"date":"2025-10-15T12:02:26","date_gmt":"2025-10-15T12:02:26","guid":{"rendered":"https:\/\/www.europesays.com\/fr\/464839\/"},"modified":"2025-10-15T12:02:26","modified_gmt":"2025-10-15T12:02:26","slug":"a-paris-une-elue-renaissance-se-perd-dans-une-manif-de-patriotes-liberation","status":"publish","type":"post","link":"https:\/\/www.europesays.com\/fr\/464839\/","title":{"rendered":"A Paris, une \u00e9lue Renaissance se perd dans une manif de \u00abpatriotes\u00bb \u2013 Lib\u00e9ration"},"content":{"rendered":"<p class=\"sc-cPiKLX AiZTS text-element\">Curieuse sc\u00e8ne ce dimanche 12 octobre place de la R\u00e9publique \u00e0 Paris quand surgit, au milieu des drapeaux fran\u00e7ais et des \u00abon est chez nous\u00bb, une conseill\u00e8re municipale Renaissance m\u00e9diatique. Shannon Seban se serait-elle perdue dans un meeting du RN ? \u00c7a en avait tout l\u2019air, entre les mines patibulaires beuglant la Marseillaise crois\u00e9es sur place, l\u2019abondante couverture par la fachosph\u00e8re ou encore des militantes <a href=\"https:\/\/www.liberation.fr\/politique\/le-collectif-nemesis-une-radicalite-au-feminin-en-voie-de-notabilisation-20241202_W7YUOZGMERDSPHCKOXY42C4FXQ\/\" target=\"_blank\" rel=\"noreferrer noopener\" title=\"https:\/\/www.liberation.fr\/politique\/le-collectif-nemesis-une-radicalite-au-feminin-en-voie-de-notabilisation-20241202_W7YUOZGMERDSPHCKOXY42C4FXQ\/\">du groupuscule identitaire f\u00e9minin \u00abN\u00e9m\u00e9sis\u00bb<\/a> venues, de leur propre aveu, \u00abrecruter\u00bb. \u00abCe n\u2019est pas ce que j\u2019y ai vu\u00bb, dit \u00e0 Lib\u00e9 l\u2019\u00e9lue Renaissance de Rosny-sous-Bois qui \u00e9voque \u00abdes gens bienveillants\u00bb tout en reconnaissant avoir juste pass\u00e9 une t\u00eate. <\/p>\n<p class=\"sc-cPiKLX AiZTS text-element\">Un \u00e9v\u00e9nement \u00abpas politique\u00bb selon son organisateur, le tiktokeur d\u2019origine alg\u00e9rienne Ben le Patriote, h\u00e9raut du \u00abvivre-ensemble\u00bb aux 365 000 abonn\u00e9s. Le m\u00eame qui, lorsqu\u2019il lan\u00e7ait mi-septembre l\u2019id\u00e9e de ce rassemblement sur les r\u00e9seaux sociaux, disait : \u00abJ\u2019esp\u00e8re qu\u2019on fera un sacr\u00e9 rassemblement, comme celui en Angleterre\u00bb, en r\u00e9f\u00e9rence \u00e0 la <a href=\"https:\/\/www.liberation.fr\/international\/europe\/a-londres-dans &lt;div style=\" clear:=\"\" both=\"\" target=\"_blank\" rel=\"noopener\"><\/p>\n","protected":false},"excerpt":{"rendered":"Curieuse sc\u00e8ne ce dimanche 12 octobre place de la R\u00e9publique \u00e0 Paris quand surgit, au milieu des drapeaux&hellip;\n","protected":false},"author":2,"featured_media":464840,"comment_status":"","ping_status":"","sticky":false,"template":"","format":"standard","meta":{"footnotes":""},"categories":[1888],"tags":[11,1777,674,1011,27,20929,12,626,3370,25],"class_list":{"0":"post-464839","1":"post","2":"type-post","3":"status-publish","4":"format-standard","5":"has-post-thumbnail","7":"category-paris","8":"tag-actualites","9":"tag-eu","10":"tag-europe","11":"tag-fr","12":"tag-france","13":"tag-nemesis","14":"tag-news","15":"tag-paris","16":"tag-renaissance","17":"tag-republique-francaise"},"share_on_mastodon":{"url":"https:\/\/pubeurope.com\/@fr\/115378083852592628","error":""},"_links":{"self":[{"href":"https:\/\/www.europesays.com\/fr\/wp-json\/wp\/v2\/posts\/464839","targetHints":{"allow":["GET"]}}],"collection":[{"href":"https:\/\/www.europesays.com\/fr\/wp-json\/wp\/v2\/posts"}],"about":[{"href":"https:\/\/www.europesays.com\/fr\/wp-json\/wp\/v2\/types\/post"}],"author":[{"embeddable":true,"href":"https:\/\/www.europesays.com\/fr\/wp-json\/wp\/v2\/users\/2"}],"replies":[{"embeddable":true,"href":"https:\/\/www.europesays.com\/fr\/wp-json\/wp\/v2\/comments?post=464839"}],"version-history":[{"count":0,"href":"https:\/\/www.europesays.com\/fr\/wp-json\/wp\/v2\/posts\/464839\/revisions"}],"wp:featuredmedia":[{"embeddable":true,"href":"https:\/\/www.europesays.com\/fr\/wp-json\/wp\/v2\/media\/464840"}],"wp:attachment":[{"href":"https:\/\/www.europesays.com\/fr\/wp-json\/wp\/v2\/media?parent=464839"}],"wp:term":[{"taxonomy":"category","embeddable":true,"href":"https:\/\/www.europesays.com\/fr\/wp-json\/wp\/v2\/categories?post=464839"},{"taxonomy":"post_tag","embeddable":true,"href":"https:\/\/www.europesays.com\/fr\/wp-json\/wp\/v2\/tags?post=464839"}],"curies":[{"name":"wp","href":"https:\/\/api.w.org\/{rel}","templated":true}]}}