{"id":464854,"date":"2025-10-15T12:10:15","date_gmt":"2025-10-15T12:10:15","guid":{"rendered":"https:\/\/www.europesays.com\/fr\/464854\/"},"modified":"2025-10-15T12:10:15","modified_gmt":"2025-10-15T12:10:15","slug":"en-direct-eric-coquerel-regrette-limprovisation-du-gouvernement-sur-la-suspension-de-la-reforme-des-retraites","status":"publish","type":"post","link":"https:\/\/www.europesays.com\/fr\/464854\/","title":{"rendered":"EN DIRECT &#8211; \u00c9ric Coquerel regrette \u00ab\u00a0l&rsquo;improvisation\u00a0\u00bb du gouvernement sur la suspension de la r\u00e9forme des retraites"},"content":{"rendered":"<p>La croissance fran\u00e7aise devrait rester timide en 2025 et 2026, amput\u00e9e par un climat politique incertain, un affaiblissement de la demande int\u00e9rieure et des tensions commerciales internationales croissantes, selon les pr\u00e9visions publi\u00e9es mercredi par l&rsquo;Observatoire fran\u00e7ais des conjonctures \u00e9conomiques (OFCE).<\/p>\n<p>L&rsquo;OFCE estime que la croissance du produit int\u00e9rieur brut (PIB) de la France sera de seulement 0,7% en 2025, puis \u00e0 nouveau de 0,7% en 2026, bien en dessous de sa croissance potentielle \u00e9valu\u00e9e \u00e0 1,4 % par an, \u00ab\u00a0les chocs n\u00e9gatifs l&#8217;emportant sur ceux positifs\u00a0\u00bb.<\/p>\n<p>Alors que les discussions portant sur le projet de budget du gouvernement d\u00e9butent \u00e0 l&rsquo;Assembl\u00e9e nationale, \u00ab\u00a0en cas de consolidation budg\u00e9taire plus mod\u00e9r\u00e9e\u00a0\u00bb, le d\u00e9ficit pourrait atteindre 5,1% du PIB, voire 5,5% du PIB en 2026 dans le cas plus th\u00e9orique d&rsquo;une loi sp\u00e9ciale, rel\u00e8ve l&rsquo;OFCE. Il s&rsquo;agit d&rsquo;un texte qui vise \u00e0 assurer temporairement la continuit\u00e9 budg\u00e9taire de l&rsquo;Etat, en l&rsquo;absence de vote d&rsquo;une loi de finance.<\/p>\n","protected":false},"excerpt":{"rendered":"La croissance fran\u00e7aise devrait rester timide en 2025 et 2026, amput\u00e9e par un climat politique incertain, un affaiblissement&hellip;\n","protected":false},"author":2,"featured_media":464855,"comment_status":"","ping_status":"","sticky":false,"template":"","format":"standard","meta":{"footnotes":""},"categories":[2],"tags":[1111,11,1921,58882,1011,27,1922,58883,2338,58884,6319,12,3541,1078,25,11067,133,4530],"class_list":{"0":"post-464854","1":"post","2":"type-post","3":"status-publish","4":"format-standard","5":"has-post-thumbnail","7":"category-actualites","8":"tag-actu","9":"tag-actualites","10":"tag-article-video","11":"tag-avec-linstabilite-politique","12":"tag-fr","13":"tag-france","14":"tag-info","15":"tag-la-france-aura-t-elle-un-budget-2026","16":"tag-la-france-insoumise","17":"tag-lecornu-ii-le-nouveau-gouvernement-a-lepreuve-du-budget","18":"tag-les-republicains","19":"tag-news","20":"tag-parti-socialiste","21":"tag-rassemblement-national","22":"tag-republique-francaise","23":"tag-sebastien-lecornu","24":"tag-video","25":"tag-video-politique"},"share_on_mastodon":{"url":"https:\/\/pubeurope.com\/@fr\/115378115422220399","error":""},"_links":{"self":[{"href":"https:\/\/www.europesays.com\/fr\/wp-json\/wp\/v2\/posts\/464854","targetHints":{"allow":["GET"]}}],"collection":[{"href":"https:\/\/www.europesays.com\/fr\/wp-json\/wp\/v2\/posts"}],"about":[{"href":"https:\/\/www.europesays.com\/fr\/wp-json\/wp\/v2\/types\/post"}],"author":[{"embeddable":true,"href":"https:\/\/www.europesays.com\/fr\/wp-json\/wp\/v2\/users\/2"}],"replies":[{"embeddable":true,"href":"https:\/\/www.europesays.com\/fr\/wp-json\/wp\/v2\/comments?post=464854"}],"version-history":[{"count":0,"href":"https:\/\/www.europesays.com\/fr\/wp-json\/wp\/v2\/posts\/464854\/revisions"}],"wp:featuredmedia":[{"embeddable":true,"href":"https:\/\/www.europesays.com\/fr\/wp-json\/wp\/v2\/media\/464855"}],"wp:attachment":[{"href":"https:\/\/www.europesays.com\/fr\/wp-json\/wp\/v2\/media?parent=464854"}],"wp:term":[{"taxonomy":"category","embeddable":true,"href":"https:\/\/www.europesays.com\/fr\/wp-json\/wp\/v2\/categories?post=464854"},{"taxonomy":"post_tag","embeddable":true,"href":"https:\/\/www.europesays.com\/fr\/wp-json\/wp\/v2\/tags?post=464854"}],"curies":[{"name":"wp","href":"https:\/\/api.w.org\/{rel}","templated":true}]}}