{"id":464864,"date":"2025-10-15T12:18:15","date_gmt":"2025-10-15T12:18:15","guid":{"rendered":"https:\/\/www.europesays.com\/fr\/464864\/"},"modified":"2025-10-15T12:18:15","modified_gmt":"2025-10-15T12:18:15","slug":"une-declaration-inedite-de-jorge-lorenzo-rappelle-un-triste-souvenir-a-marc-marquez","status":"publish","type":"post","link":"https:\/\/www.europesays.com\/fr\/464864\/","title":{"rendered":"Une d\u00e9claration in\u00e9dite de Jorge Lorenzo rappelle un triste souvenir \u00e0 Marc Marquez"},"content":{"rendered":"<p>L\u2019ann\u00e9e 2015 fut exceptionnelle en MotoGP, non seulement par la qualit\u00e9 des courses, mais surtout par le duel f\u00e9roce entre Valentino Rossi et Marc M\u00e1rquez. Tout a commenc\u00e9 en Argentine avec un accrochage qui a envenim\u00e9 leur relation, avant d\u2019atteindre son paroxysme en Malaisie et lors de la finale \u00e0 Valence. Jorge Lorenzo, sacr\u00e9 champion pour la troisi\u00e8me fois, se souvient, lors d&rsquo;une interview accord\u00e9e au Corriere della Sera.<\/p>\n<p>\u00ab Le probl\u00e8me entre Valentino et Marc est apparu en Argentine. M\u00e1rquez a chut\u00e9 et leur relation a bascul\u00e9. Rossi aurait pu calmer les tensions, mais cela n\u2019a pas \u00e9t\u00e9 le cas. M\u00e1rquez lui-m\u00eame a d\u00e9clar\u00e9 qu\u2019il ne l\u2019aiderait pas pour le titre. \u00bb<\/p>\n<p>Lorenzo, entre tactique et respect des faits<\/p>\n<p>Lorenzo souligne la diff\u00e9rence d\u2019approche entre Rossi et M\u00e1rquez. \u00ab Valentino est un champion complet et intelligent, pr\u00eat \u00e0 tout pour gagner. Mais s\u2019il savait qu\u2019il ne pouvait pas gagner, il finirait deuxi\u00e8me ou troisi\u00e8me. Marquez, lui, vise la victoire \u00e0 tout prix, m\u00eame en prenant des risques. \u00bb<\/p>\n<p>Malgr\u00e9 les tensions, Jorge Lorenzo a su tirer profit de cette guerre psychologique pour d\u00e9crocher un cinqui\u00e8me titre mondial. Pour lui, la victoire en 2015 est la r\u00e9compense d\u2019une saison ma\u00eetris\u00e9e, faite de nombreuses victoires et pole positions.<\/p>\n<p>   Partagez cette info avec vos amis et vos proches en cliquant ici<br \/> Pour r\u00e9sumer<\/p>\n<p>Jorge Lorenzo revient sur la saison 2015 de MotoGP, marqu\u00e9e par la rivalit\u00e9 explosive entre Rossi et M\u00e1rquez. Il \u00e9voque les tensions n\u00e9es en Argentine, la finale pol\u00e9mique \u00e0 Valence, et d\u00e9fend son titre, affirmant avoir profit\u00e9 du conflit tout en appelant \u00e0 une lecture objective des faits.<\/p>\n<p>R\u00e9dacteur<\/p>\n<p><img decoding=\"async\" width=\"76\" height=\"76\" loading=\"lazy\" src=\"https:\/\/www.europesays.com\/fr\/wp-content\/uploads\/2025\/09\/logo-juste-houngla.jpg\" alt=\"Juste Houngla\"\/><\/p>\n","protected":false},"excerpt":{"rendered":"L\u2019ann\u00e9e 2015 fut exceptionnelle en MotoGP, non seulement par la qualit\u00e9 des courses, mais surtout par le duel&hellip;\n","protected":false},"author":2,"featured_media":464865,"comment_status":"","ping_status":"","sticky":false,"template":"","format":"standard","meta":{"footnotes":""},"categories":[1413],"tags":[1011,27,1457,1456,60],"class_list":{"0":"post-464864","1":"post","2":"type-post","3":"status-publish","4":"format-standard","5":"has-post-thumbnail","7":"category-moto","8":"tag-fr","9":"tag-france","10":"tag-moto","11":"tag-motocycle","12":"tag-sports"},"share_on_mastodon":{"url":"https:\/\/pubeurope.com\/@fr\/115378147684518084","error":""},"_links":{"self":[{"href":"https:\/\/www.europesays.com\/fr\/wp-json\/wp\/v2\/posts\/464864","targetHints":{"allow":["GET"]}}],"collection":[{"href":"https:\/\/www.europesays.com\/fr\/wp-json\/wp\/v2\/posts"}],"about":[{"href":"https:\/\/www.europesays.com\/fr\/wp-json\/wp\/v2\/types\/post"}],"author":[{"embeddable":true,"href":"https:\/\/www.europesays.com\/fr\/wp-json\/wp\/v2\/users\/2"}],"replies":[{"embeddable":true,"href":"https:\/\/www.europesays.com\/fr\/wp-json\/wp\/v2\/comments?post=464864"}],"version-history":[{"count":0,"href":"https:\/\/www.europesays.com\/fr\/wp-json\/wp\/v2\/posts\/464864\/revisions"}],"wp:featuredmedia":[{"embeddable":true,"href":"https:\/\/www.europesays.com\/fr\/wp-json\/wp\/v2\/media\/464865"}],"wp:attachment":[{"href":"https:\/\/www.europesays.com\/fr\/wp-json\/wp\/v2\/media?parent=464864"}],"wp:term":[{"taxonomy":"category","embeddable":true,"href":"https:\/\/www.europesays.com\/fr\/wp-json\/wp\/v2\/categories?post=464864"},{"taxonomy":"post_tag","embeddable":true,"href":"https:\/\/www.europesays.com\/fr\/wp-json\/wp\/v2\/tags?post=464864"}],"curies":[{"name":"wp","href":"https:\/\/api.w.org\/{rel}","templated":true}]}}