{"id":464866,"date":"2025-10-15T12:19:11","date_gmt":"2025-10-15T12:19:11","guid":{"rendered":"https:\/\/www.europesays.com\/fr\/464866\/"},"modified":"2025-10-15T12:19:11","modified_gmt":"2025-10-15T12:19:11","slug":"le-patron-daston-martin-pense-que-fernando-alonso-sera-encore-actif-en-2027-son-age-est-une-force","status":"publish","type":"post","link":"https:\/\/www.europesays.com\/fr\/464866\/","title":{"rendered":"Le patron d&rsquo;Aston Martin pense que Fernando Alonso sera encore actif en 2027 : \u00ab\u00a0son \u00e2ge est une force\u00a0\u00bb &#8211;"},"content":{"rendered":"<p>Le pilote de Formule 1 Fernando Alonso, qui a r\u00e9cemment f\u00eat\u00e9 les <a href=\"https:\/\/www.gamereactor.fr\/fernando-alonso-a-remporte-son-premier-championnat-du-monde-de-f1-ce-jour-la-il-y-a-20-ans-1933653\/\" title=\"Fernando Alonso a remport\u00e9 son premier championnat du monde de F1 ce jour-l\u00e0, il y a 20 ans.\" target=\"_blank\" rel=\"noopener\">20 ans de son premier championnat du monde de Formule 1<\/a>, a laiss\u00e9 entendre que sa retraite pourrait \u00eatre proche, et ce <a href=\"https:\/\/www.gamereactor.fr\/fernando-alonso-fait-allusion-a-sa-retraite-inversement-liee-aux-performances-daston-martin-en-2026-1932123\/\" title=\"Fernando Alonso fait allusion \u00e0 sa retraite : Inversement li\u00e9 aux performances d&#039;Aston Martin en 2026.\" target=\"_blank\" rel=\"noopener\">d\u00e8s l&rsquo;ann\u00e9e prochaine<\/a> s&rsquo;il r\u00e9ussit \u00e0 aider Aston Martin \u00e0 devenir une \u00e9quipe comp\u00e9titive.<\/p>\n<p>Cependant, rien n&rsquo;a encore \u00e9t\u00e9 d\u00e9cid\u00e9, et le patron d&rsquo;Aston Martin, Andy Cowell, s&rsquo;est \u00e9tonn\u00e9 de ces rumeurs, affirmant qu&rsquo;il n&rsquo;a rien entendu au sujet d&rsquo;une retraite du pilote espagnol de F1 \u00e0 la fin de la saison 2026.<\/p>\n<p>\u00ab\u00a0Je n&rsquo;ai eu aucune conversation avec lui \u00e0 ce sujet. Ses conversations avec moi au cours de l&rsquo;ann\u00e9e \u00e9coul\u00e9e ont toutes port\u00e9 sur 2026\u00a0\u00bb, a d\u00e9clar\u00e9 Cowell dans un communiqu\u00e9 adress\u00e9 \u00e0 <a href=\"https:\/\/www.motorsport.com\/f1\/news\/aston-martin-denies-fernando-alonso-retirement-talks-f1-2027\/10767565\/\" target=\"_blank\" rel=\"noopener\">Motorsport<\/a>. \u00ab\u00a0Je suppose que Fernando pense \u00e0 la fin de 2026 et \u00e0 ce qu&rsquo;il faut faire, mais nous poussons simplement fort pour nous assurer que nous sommes dans la meilleure place possible pour 2026, 2027 et au-del\u00e0. Fernando a montr\u00e9 qu&rsquo;il est un comp\u00e9titeur ph\u00e9nom\u00e9nal.\u00a0\u00bb<\/p>\n<p>\u00ab\u00a0L&rsquo;\u00e2ge ne semble pas \u00eatre un probl\u00e8me pour lui. Son \u00e2ge semble \u00eatre une force !\u00a0\u00bb, a d\u00e9clar\u00e9 Cowell, enthousiasm\u00e9 par les changements de r\u00e9glementation de la Formule 1 l&rsquo;ann\u00e9e prochaine qui pourraient se traduire par une table rase pour toutes les \u00e9quipes et une chance pour Aston Martin de monter en puissance et de devenir une v\u00e9ritable \u00e9quipe comp\u00e9titive aux c\u00f4t\u00e9s de McLaren, Red Bull, Mercedes de Ferrari, avec le travail de l&rsquo;ing\u00e9nieur Adrian Newell, embauch\u00e9 l&rsquo;ann\u00e9e derni\u00e8re mais seulement autoris\u00e9 \u00e0 travailler cette ann\u00e9e.<\/p>\n<p>Fernando Alonso, 44 ans, a pris 419 d\u00e9parts en Grand Prix, plus que quiconque dans l&rsquo;histoire, mais n&rsquo;a pas gagn\u00e9 de course depuis 2013 (218 Grands Prix sans victoire). Penses-tu qu&rsquo;il pourra ajouter sa 33e victoire en 2026&#8230; ou en 2027 ?<\/p>\n<p><img loading=\"lazy\" decoding=\"async\" id=\"img-1949373-4375623\" data-fullsize=\"\/media\/56\/thisisbiggest_4375623b.jpg\" data-lazy=\"\" src=\"https:\/\/www.gamereactor.frhttps:\/\/www.gamereactor.fr\/media\/56\/thisisbiggest_4375623_650x.jpg\" width=\"650\" onclick=\"if (!window.__cfRLUnblockHandlers) return false; gallery_openmodal('1949373','4375623',false,'0b807f93ee02b555362dd5667d80f5bc');\" height=\"360\" alt=\"Le patron d'Aston Martin pense que Fernando Alonso sera encore actif en 2027 : &quot;son \u00e2ge est une force&quot;\" class=\"rwd_col_content lazy\" data-cf-modified-b987e780f24e741248683ee4-=\"\"\/>Formula 1<\/p>\n","protected":false},"excerpt":{"rendered":"Le pilote de Formule 1 Fernando Alonso, qui a r\u00e9cemment f\u00eat\u00e9 les 20 ans de son premier championnat&hellip;\n","protected":false},"author":2,"featured_media":464867,"comment_status":"","ping_status":"","sticky":false,"template":"","format":"standard","meta":{"footnotes":""},"categories":[1412],"tags":[1451,1452,1453,1454,1455,1011,27,60],"class_list":{"0":"post-464866","1":"post","2":"type-post","3":"status-publish","4":"format-standard","5":"has-post-thumbnail","7":"category-f1","8":"tag-f1","9":"tag-formula-1","10":"tag-formula1","11":"tag-formule-1","12":"tag-formule1","13":"tag-fr","14":"tag-france","15":"tag-sports"},"share_on_mastodon":{"url":"https:\/\/pubeurope.com\/@fr\/115378150775750920","error":""},"_links":{"self":[{"href":"https:\/\/www.europesays.com\/fr\/wp-json\/wp\/v2\/posts\/464866","targetHints":{"allow":["GET"]}}],"collection":[{"href":"https:\/\/www.europesays.com\/fr\/wp-json\/wp\/v2\/posts"}],"about":[{"href":"https:\/\/www.europesays.com\/fr\/wp-json\/wp\/v2\/types\/post"}],"author":[{"embeddable":true,"href":"https:\/\/www.europesays.com\/fr\/wp-json\/wp\/v2\/users\/2"}],"replies":[{"embeddable":true,"href":"https:\/\/www.europesays.com\/fr\/wp-json\/wp\/v2\/comments?post=464866"}],"version-history":[{"count":0,"href":"https:\/\/www.europesays.com\/fr\/wp-json\/wp\/v2\/posts\/464866\/revisions"}],"wp:featuredmedia":[{"embeddable":true,"href":"https:\/\/www.europesays.com\/fr\/wp-json\/wp\/v2\/media\/464867"}],"wp:attachment":[{"href":"https:\/\/www.europesays.com\/fr\/wp-json\/wp\/v2\/media?parent=464866"}],"wp:term":[{"taxonomy":"category","embeddable":true,"href":"https:\/\/www.europesays.com\/fr\/wp-json\/wp\/v2\/categories?post=464866"},{"taxonomy":"post_tag","embeddable":true,"href":"https:\/\/www.europesays.com\/fr\/wp-json\/wp\/v2\/tags?post=464866"}],"curies":[{"name":"wp","href":"https:\/\/api.w.org\/{rel}","templated":true}]}}