{"id":464868,"date":"2025-10-15T12:20:13","date_gmt":"2025-10-15T12:20:13","guid":{"rendered":"https:\/\/www.europesays.com\/fr\/464868\/"},"modified":"2025-10-15T12:20:13","modified_gmt":"2025-10-15T12:20:13","slug":"une-autre-reserve-de-worldteam-pour-gustave-blanc-actualite","status":"publish","type":"post","link":"https:\/\/www.europesays.com\/fr\/464868\/","title":{"rendered":"Une autre r\u00e9serve de WorldTeam pour Gustave Blanc &#8211; Actualit\u00e9"},"content":{"rendered":"<p>Apr\u00e8s deux ans dans l\u2019\u00e9quipe Juniors de Visma-Lease a Bike, Jegg Skil-DJR Academy, Gustave Blanc va conna\u00eetre une autre r\u00e9serve de WorldTeam en 2026. Pour sa premi\u00e8re ann\u00e9e Espoirs, le Savoyard s\u2019est engag\u00e9 pour la saison prochaine avec Red Bull-Bora-Hansgrohe Rookies.<\/p>\n<p>Le coureur de 18 ans a remport\u00e9 cette ann\u00e9e, en Espagne, le GP Les Franqueses KH7. Il a par ailleurs termin\u00e9 2e du Championnat de France du relais mixte U17-U19, 10e du GP R\u00fcebliland et de la Course de la Paix, 11e de la Druivenkoers Overijse et du Tour du Carmausin S\u00e9gala U19 ou encore 13e du Tour du Pays de Vaud.<\/p>\n<p>Retrouvez tous les\u00a0transferts de l&rsquo;intersaison\u00a0<strong><a href=\"https:\/\/www.directvelo.com\/mutations\/2026\" target=\"_blank\" rel=\"noopener\">en cliquant ici<\/a><\/strong>.<\/p>\n","protected":false},"excerpt":{"rendered":"Apr\u00e8s deux ans dans l\u2019\u00e9quipe Juniors de Visma-Lease a Bike, Jegg Skil-DJR Academy, Gustave Blanc va conna\u00eetre une&hellip;\n","protected":false},"author":2,"featured_media":464869,"comment_status":"","ping_status":"","sticky":false,"template":"","format":"standard","meta":{"footnotes":""},"categories":[1411],"tags":[834,828,836,829,837,827,83,826,824,823,1154,207,814,817,815,816,822,821,832,211,839,1011,27,820,818,819,835,831,830,833,838,60,212,208,825],"class_list":{"0":"post-464868","1":"post","2":"type-post","3":"status-publish","4":"format-standard","5":"has-post-thumbnail","7":"category-cyclisme","8":"tag-attaque","9":"tag-belgique","10":"tag-braquet","11":"tag-bretagne","12":"tag-chute","13":"tag-competition","14":"tag-coupe-de-france","15":"tag-coureur","16":"tag-course-cyclisme","17":"tag-course-cycliste","18":"tag-cycling","19":"tag-cyclisme","20":"tag-direct","21":"tag-direct-velo","22":"tag-directvelo","23":"tag-directvelo-com","24":"tag-epreuve","25":"tag-epreuve-cycliste","26":"tag-federation-francaise-de-cyclisme","27":"tag-ffc","28":"tag-flandres","29":"tag-fr","30":"tag-france","31":"tag-live","32":"tag-live-course","33":"tag-live-epreuve","34":"tag-peloton","35":"tag-radio-peloton","36":"tag-radio-tour","37":"tag-ravitaillement","38":"tag-relance","39":"tag-sports","40":"tag-uci","41":"tag-velo","42":"tag-velos"},"share_on_mastodon":{"url":"https:\/\/pubeurope.com\/@fr\/115378154728521998","error":""},"_links":{"self":[{"href":"https:\/\/www.europesays.com\/fr\/wp-json\/wp\/v2\/posts\/464868","targetHints":{"allow":["GET"]}}],"collection":[{"href":"https:\/\/www.europesays.com\/fr\/wp-json\/wp\/v2\/posts"}],"about":[{"href":"https:\/\/www.europesays.com\/fr\/wp-json\/wp\/v2\/types\/post"}],"author":[{"embeddable":true,"href":"https:\/\/www.europesays.com\/fr\/wp-json\/wp\/v2\/users\/2"}],"replies":[{"embeddable":true,"href":"https:\/\/www.europesays.com\/fr\/wp-json\/wp\/v2\/comments?post=464868"}],"version-history":[{"count":0,"href":"https:\/\/www.europesays.com\/fr\/wp-json\/wp\/v2\/posts\/464868\/revisions"}],"wp:featuredmedia":[{"embeddable":true,"href":"https:\/\/www.europesays.com\/fr\/wp-json\/wp\/v2\/media\/464869"}],"wp:attachment":[{"href":"https:\/\/www.europesays.com\/fr\/wp-json\/wp\/v2\/media?parent=464868"}],"wp:term":[{"taxonomy":"category","embeddable":true,"href":"https:\/\/www.europesays.com\/fr\/wp-json\/wp\/v2\/categories?post=464868"},{"taxonomy":"post_tag","embeddable":true,"href":"https:\/\/www.europesays.com\/fr\/wp-json\/wp\/v2\/tags?post=464868"}],"curies":[{"name":"wp","href":"https:\/\/api.w.org\/{rel}","templated":true}]}}