{"id":464872,"date":"2025-10-15T12:22:13","date_gmt":"2025-10-15T12:22:13","guid":{"rendered":"https:\/\/www.europesays.com\/fr\/464872\/"},"modified":"2025-10-15T12:22:13","modified_gmt":"2025-10-15T12:22:13","slug":"cette-animatrice-qui-veut-faire-rendez-vous-en-terre-inconnue-avec-elle","status":"publish","type":"post","link":"https:\/\/www.europesays.com\/fr\/464872\/","title":{"rendered":"Cette animatrice qui veut faire \u00ab\u00a0Rendez-vous en terre inconnue\u00a0\u00bb avec elle"},"content":{"rendered":"<p>            <a href=\"https:\/\/www.journaldesfemmes.fr\/people\/magazine\/3243944-la-semaine-des-stars-actu-people-france-octobre-valeri-lemercier-laeticia-hallyday\/3243990-jean-baptiste-marteau\" class=\"app_button_nav_prev jMiddlePreviousButton\" target=\"_blank\" rel=\"noopener\"><\/a><a href=\"https:\/\/www.journaldesfemmes.fr\/people\/magazine\/3243944-la-semaine-des-stars-actu-people-france-octobre-valeri-lemercier-laeticia-hallyday\/3244170-sandrine-quetier\" class=\"app_button_nav_next jMiddleNextButton\" target=\"_blank\" rel=\"noopener\"><\/a><\/p>\n<p>                <img loading=\"lazy\" decoding=\"async\" src=\"https:\/\/www.europesays.com\/fr\/wp-content\/uploads\/2025\/10\/40050216.jpg\" alt=\"\" width=\"250\" height=\"458\"\/><br \/>\n            <a href=\"https:\/\/img-3.journaldesfemmes.fr\/p9FuiPPmADhPggaWV8vjSKN6bzk=\/3648x\/smart\/cb8ba47a8e854f6e9fdb786fff97c515\/ccmcms-jdf\/40050216.jpg\" class=\"fancy app_btn_1 app_btn--ico\" target=\"_blank\" rel=\"noopener\"><\/a>Laury Thilleman \u00a9\u00a0Domine Jerome\/ABACA    <\/p>\n<p><strong>Invitation. <\/strong>Nouvelle pr\u00e9sentatrice de l&rsquo;\u00e9mission\u00a0Rendez-vous en terre inconnue, Laury Thilleman esp\u00e8re bien rester longtemps \u00e0 la t\u00eate de ce programme culte de France 2. Et peut-\u00eatre bien qu&rsquo;elle a d\u00e9j\u00e0 trouv\u00e9 la prochaine star \u00e0 emmener avec elle&#8230; En effet, L\u00e9a Salam\u00e9 lui a soumis sa candidature. \u00ab\u00a0Moi, j&rsquo;aimerais que vous m&#8217;emmeniez dans un endroit o\u00f9 je regarde pas mon t\u00e9l\u00e9phone pendant 15\u00a0jours (&#8230;) Emmenez-moi, emmenez-moi\u00a0\u00bb, a-t-elle confi\u00e9 dans Quelle \u00e9poque !\u00a0<\/p>\n","protected":false},"excerpt":{"rendered":"Laury Thilleman \u00a9\u00a0Domine Jerome\/ABACA Invitation. Nouvelle pr\u00e9sentatrice de l&rsquo;\u00e9mission\u00a0Rendez-vous en terre inconnue, Laury Thilleman esp\u00e8re bien rester longtemps&hellip;\n","protected":false},"author":2,"featured_media":464873,"comment_status":"","ping_status":"","sticky":false,"template":"","format":"standard","meta":{"footnotes":""},"categories":[1359],"tags":[58885,51761,58,59,52292,1011,27,51766,1031,973],"class_list":{"0":"post-464872","1":"post","2":"type-post","3":"status-publish","4":"format-standard","5":"has-post-thumbnail","7":"category-people","8":"tag-cms-journaldesfemmes-3244226","9":"tag-controller-content","10":"tag-divertissement","11":"tag-entertainment","12":"tag-format-reportage","13":"tag-fr","14":"tag-france","15":"tag-les-histoires-du-jdf","16":"tag-magazine","17":"tag-people"},"share_on_mastodon":{"url":"https:\/\/pubeurope.com\/@fr\/115378162692899942","error":""},"_links":{"self":[{"href":"https:\/\/www.europesays.com\/fr\/wp-json\/wp\/v2\/posts\/464872","targetHints":{"allow":["GET"]}}],"collection":[{"href":"https:\/\/www.europesays.com\/fr\/wp-json\/wp\/v2\/posts"}],"about":[{"href":"https:\/\/www.europesays.com\/fr\/wp-json\/wp\/v2\/types\/post"}],"author":[{"embeddable":true,"href":"https:\/\/www.europesays.com\/fr\/wp-json\/wp\/v2\/users\/2"}],"replies":[{"embeddable":true,"href":"https:\/\/www.europesays.com\/fr\/wp-json\/wp\/v2\/comments?post=464872"}],"version-history":[{"count":0,"href":"https:\/\/www.europesays.com\/fr\/wp-json\/wp\/v2\/posts\/464872\/revisions"}],"wp:featuredmedia":[{"embeddable":true,"href":"https:\/\/www.europesays.com\/fr\/wp-json\/wp\/v2\/media\/464873"}],"wp:attachment":[{"href":"https:\/\/www.europesays.com\/fr\/wp-json\/wp\/v2\/media?parent=464872"}],"wp:term":[{"taxonomy":"category","embeddable":true,"href":"https:\/\/www.europesays.com\/fr\/wp-json\/wp\/v2\/categories?post=464872"},{"taxonomy":"post_tag","embeddable":true,"href":"https:\/\/www.europesays.com\/fr\/wp-json\/wp\/v2\/tags?post=464872"}],"curies":[{"name":"wp","href":"https:\/\/api.w.org\/{rel}","templated":true}]}}