{"id":464874,"date":"2025-10-15T12:23:12","date_gmt":"2025-10-15T12:23:12","guid":{"rendered":"https:\/\/www.europesays.com\/fr\/464874\/"},"modified":"2025-10-15T12:23:12","modified_gmt":"2025-10-15T12:23:12","slug":"voila-la-plus-belle-photo-animaliere-de-lannee-et-il-y-avait-de-la-concurrence","status":"publish","type":"post","link":"https:\/\/www.europesays.com\/fr\/464874\/","title":{"rendered":"Voil\u00e0 la plus belle photo animali\u00e8re de l\u2019ann\u00e9e, et il y avait de la concurrence"},"content":{"rendered":"<p>        <img decoding=\"async\" loading=\"lazy\" src=\"https:\/\/www.europesays.com\/fr\/wp-content\/uploads\/2025\/10\/cd86cf1_upload-1-9poykst8p8ol-wpy2.jpg\"  width=\"728\" height=\"410\" alt=\"Le clich\u00e9 Ghost Town Visitor de Wim van den Heeve pris en Namibie dans la ville mini\u00e8re d\u00e9saffect\u00e9e de Kolmanskop a remport\u00e9 le prix Wildlife Photographer 2025.\"\/>  <\/p>\n<p>Wim van den Heever<\/p>\n<p>Le clich\u00e9 Ghost Town Visitor de Wim van den Heeve pris en Namibie dans la ville mini\u00e8re d\u00e9saffect\u00e9e de Kolmanskop a remport\u00e9 le prix Wildlife Photographer 2025.<\/p>\n<p class=\"asset asset-text\">PHOTOGRAPHIE &#8211; Une ville fant\u00f4me et un animal myst\u00e9rieux. Cette ann\u00e9e, le premier prix du <a href=\"https:\/\/www.huffingtonpost.fr\/culture\/article\/parmi-les-25-plus-belles-photos-nature-de-l-annee-deux-francais-sont-selectionnes_242803.html\" target=\"_blank\" rel=\"noopener\">Wildlife Photographer of the Year<\/a> a \u00e9t\u00e9 d\u00e9cern\u00e9 \u00e0 un clich\u00e9 du photographe Wim van den Heeve. Une image que le Sud-Africain a mis une d\u00e9cennie \u00e0 immortaliser en raison de sa difficult\u00e9 et de la <a href=\"https:\/\/www.huffingtonpost.fr\/environnement\/article\/dans-la-liste-des-especes-menacees-qui-s-allonge-la-tortue-verte-est-un-motif-d-espoir_255852.html\" target=\"_blank\" rel=\"noopener\">raret\u00e9 de l\u2019esp\u00e8ce<\/a>.<\/p>\n<p class=\"asset asset-text\">C\u2019est le Museum d\u2019Histoire Naturelle de Londres qui organise chaque ann\u00e9e le concours mondial de photo animali\u00e8re a sacr\u00e9 la photo intitul\u00e9e \u00ab\u00a0Ghost Town Visitor\u00a0\u00bb (\u00ab\u00a0visiteur dans une ville fant\u00f4me\u00a0\u00bb), mardi 14\u00a0octobre. Sur cette derni\u00e8re, prise de nuit, on peut voir une hy\u00e8ne brune devant les ruines d\u2019une b\u00e2tisse d\u00e9labr\u00e9e. Le clich\u00e9 a \u00e9t\u00e9 pris en Namibie dans la ville mini\u00e8re d\u00e9saffect\u00e9e de Kolmanskop.<\/p>\n<p> La lecture de ce contenu est susceptible d\u2019entra\u00eener un d\u00e9p\u00f4t de cookies de la part de l\u2019op\u00e9rateur tiers qui l\u2019h\u00e9berge. Compte-tenu des choix que vous avez exprim\u00e9s en mati\u00e8re de d\u00e9p\u00f4t de cookies, nous avons bloqu\u00e9 l\u2019affichage de ce contenu. Si vous souhaitez y acc\u00e9der, vous devez accepter la cat\u00e9gorie de cookies \u201cContenus tiers\u201d en cliquant sur le bouton ci-dessous. <\/p>\n<p> Lire la Vid\u00e9o        <\/p>\n<p class=\"asset asset-text\">Comme le pr\u00e9cise la l\u00e9gende du post Instagram, la hy\u00e8ne brune est un animal tr\u00e8s rare, solitaire et nocturne. Le photographe a r\u00e9ussi \u00e0 l\u2019immortaliser avec un pi\u00e8ge photographique apr\u00e8s avoir rep\u00e9r\u00e9 ses traces plus t\u00f4t dans la journ\u00e9e. Cette image qui a aussi remport\u00e9 le premier prix dans la cat\u00e9gorie \u00ab\u00a0urbaine\u00a0\u00bb a donc valu \u00e0 Wim van den Heeve le titre de photographe animalier de l\u2019ann\u00e9e.<\/p>\n<p>    Plusieurs Fran\u00e7ais r\u00e9compens\u00e9s    <\/p>\n<p class=\"asset asset-text\">Comme le pr\u00e9cise un communiqu\u00e9 envoy\u00e9 \u00e0 la presse, il y a avait cette ann\u00e9e une concurrence in\u00e9dite puisque le jury a re\u00e7u un nombre record de candidatures. Pas moins de 60\u00a0636\u00a0photos ont en effet \u00e9t\u00e9 envoy\u00e9es.<\/p>\n<p> La lecture de ce contenu est susceptible d\u2019entra\u00eener un d\u00e9p\u00f4t de cookies de la part de l\u2019op\u00e9rateur tiers qui l\u2019h\u00e9berge. Compte-tenu des choix que vous avez exprim\u00e9s en mati\u00e8re de d\u00e9p\u00f4t de cookies, nous avons bloqu\u00e9 l\u2019affichage de ce contenu. Si vous souhaitez y acc\u00e9der, vous devez accepter la cat\u00e9gorie de cookies \u201cContenus tiers\u201d en cliquant sur le bouton ci-dessous. <\/p>\n<p> Lire la Vid\u00e9o        <\/p>\n<p class=\"asset asset-text\">Plusieurs photographes fran\u00e7ais se sont d\u2019ailleurs distingu\u00e9s. En effet, dans les cat\u00e9gorie \u00ab\u00a011-14\u00a0ans\u00a0\u00bb et \u00ab\u00a0Comportement\u00a0: amphibiens &amp;\u00a0reptiles\u00a0\u00bb, deux Fran\u00e7ais (Lubin Godin et Quentin Martinez) ont \u00e9t\u00e9 r\u00e9compens\u00e9s. Le clich\u00e9 d\u2019Emmanuel Tardy intitul\u00e9 \u00ab\u00a0Jamais aussi bien que chez soi\u00a0\u00bb a \u00e9galement \u00e9t\u00e9 s\u00e9lectionn\u00e9 pour figurer dans la liste des \u00ab\u00a0100 plus beaux clich\u00e9s de nature de l\u2019ann\u00e9e\u00a0\u00bb.<\/p>\n<p class=\"asset asset-text\">Comme chaque ann\u00e9e, les 100\u00a0images r\u00e9compens\u00e9es sont regroup\u00e9es dans un ouvrage paru ce 15\u00a0octobre aux \u00c9ditions Biotope.<\/p>\n","protected":false},"excerpt":{"rendered":"Wim van den Heever Le clich\u00e9 Ghost Town Visitor de Wim van den Heeve pris en Namibie dans&hellip;\n","protected":false},"author":2,"featured_media":464875,"comment_status":"","ping_status":"","sticky":false,"template":"","format":"standard","meta":{"footnotes":""},"categories":[1358],"tags":[1867,1348,1384,1385,251,1386,58,59,1011,27,20528],"class_list":{"0":"post-464874","1":"post","2":"type-post","3":"status-publish","4":"format-standard","5":"has-post-thumbnail","7":"category-arts-et-design","8":"tag-animaux","9":"tag-arts","10":"tag-arts-and-design","11":"tag-arts-et-design","12":"tag-culture","13":"tag-design","14":"tag-divertissement","15":"tag-entertainment","16":"tag-fr","17":"tag-france","18":"tag-photographe"},"share_on_mastodon":{"url":"https:\/\/pubeurope.com\/@fr\/115378166492514281","error":""},"_links":{"self":[{"href":"https:\/\/www.europesays.com\/fr\/wp-json\/wp\/v2\/posts\/464874","targetHints":{"allow":["GET"]}}],"collection":[{"href":"https:\/\/www.europesays.com\/fr\/wp-json\/wp\/v2\/posts"}],"about":[{"href":"https:\/\/www.europesays.com\/fr\/wp-json\/wp\/v2\/types\/post"}],"author":[{"embeddable":true,"href":"https:\/\/www.europesays.com\/fr\/wp-json\/wp\/v2\/users\/2"}],"replies":[{"embeddable":true,"href":"https:\/\/www.europesays.com\/fr\/wp-json\/wp\/v2\/comments?post=464874"}],"version-history":[{"count":0,"href":"https:\/\/www.europesays.com\/fr\/wp-json\/wp\/v2\/posts\/464874\/revisions"}],"wp:featuredmedia":[{"embeddable":true,"href":"https:\/\/www.europesays.com\/fr\/wp-json\/wp\/v2\/media\/464875"}],"wp:attachment":[{"href":"https:\/\/www.europesays.com\/fr\/wp-json\/wp\/v2\/media?parent=464874"}],"wp:term":[{"taxonomy":"category","embeddable":true,"href":"https:\/\/www.europesays.com\/fr\/wp-json\/wp\/v2\/categories?post=464874"},{"taxonomy":"post_tag","embeddable":true,"href":"https:\/\/www.europesays.com\/fr\/wp-json\/wp\/v2\/tags?post=464874"}],"curies":[{"name":"wp","href":"https:\/\/api.w.org\/{rel}","templated":true}]}}