{"id":464878,"date":"2025-10-15T12:25:16","date_gmt":"2025-10-15T12:25:16","guid":{"rendered":"https:\/\/www.europesays.com\/fr\/464878\/"},"modified":"2025-10-15T12:25:16","modified_gmt":"2025-10-15T12:25:16","slug":"un-candidat-de-survivor-mordu-par-un-serpent-venimeux","status":"publish","type":"post","link":"https:\/\/www.europesays.com\/fr\/464878\/","title":{"rendered":"un candidat de \u00abSurvivor\u00bb mordu par un serpent venimeux"},"content":{"rendered":"<p>    Jake Latimer \u00e9vacu\u00e9 en urgence dans la saison 49 de \u00ab Survivor\u00a0\u00bb<br \/>\n                Capture \u00e9cran E! News<\/p>\n<p>\n    \u00c9vacu\u00e9 en urgence le printemps dernier aux Fidji, Jake Latimer a eu la peur de sa vie pendant le tournage du jeu d\u2019aventures am\u00e9ricain.<\/p>\n<p class=\"fig-paragraph\">CBS diffuse la 49e saison de <strong>\u00ab Survivor\u00a0\u00bb<\/strong>, l\u2019\u00e9quivalent am\u00e9ricain de\u00a0<a href=\"http:\/\/tvmag.lefigaro.fr\/programme-tv\/tele-realite\/chanter-a-bruxelles-avec-angele-et-mon-ukulele-apres-koh-lanta-adrien-bernaert-se-lance-un-nouveau-defi-20250912\" target=\"_blank\" data-fig-type=\"Article\" rel=\"noopener\" data-gtm-custom-categorie=\"navigation\" data-gtm-custom-action=\"crossclick\" data-gtm-custom-label=\"Contextuel\" data-gtm-event=\"customEventSPE\" data-fig-domain=\"TVMAG\"><strong>\u00ab Koh-Lanta\u00a0\u00bb<\/strong><\/a>, depuis le 24 septembre dernier. Tourn\u00e9e le printemps dernier dans l\u2019archipel de Mamanuca aux Fidji, cette nouvelle \u00e9dition anim\u00e9e par Jeff Probst oppose 18 candidats. Parmi eux, <strong>Jake Latimer<\/strong>, un Canadien de 36 ans originaire de St. Albert, a \u00e9t\u00e9 contraint \u00e0 l\u2019abandon au cours du sixi\u00e8me jour de l\u2019aventure.<\/p>\n<p class=\"fig-paragraph\">L\u2019incident auquel a \u00e9t\u00e9 confront\u00e9 le\u00a0<a href=\"http:\/\/tvmag.lefigaro.fr\/programme-tv\/ce-soir-tele\/zone-interdite-derriere-les-murs-20251012\" target=\"_blank\" data-fig-type=\"Article\" rel=\"noopener\" data-gtm-custom-categorie=\"navigation\" data-gtm-custom-action=\"crossclick\" data-gtm-custom-label=\"Contextuel\" data-gtm-event=\"customEventSPE\" data-fig-domain=\"TVMAG\">surveillant p\u00e9nitentiaire<\/a>\u00a0a particuli\u00e8rement inqui\u00e9t\u00e9 la production et a n\u00e9cessit\u00e9 une intervention urgente de l\u2019\u00e9quipe m\u00e9dicale. Jake Latimer a \u00e9t\u00e9 mordu \u00e0 un pied par un serpent de mer \u00e0 bandes noires et blanches, un krait marin dont le venin est extr\u00eamement toxique. Les m\u00e9decins ont constat\u00e9 que le serpent avait effectu\u00e9 une \u00ab morsure s\u00e8che\u00a0\u00bb, \u00e0 savoir sans venin.<\/p>\n<p class=\"fig-body-link\">\n            \u00c0 lire aussi<br \/>\n        <a class=\"fig-body-link__link\" href=\"http:\/\/tvmag.lefigaro.fr\/programme-tv\/tele-realite\/gege-candidat-de-la-saison-11-de-koh-lanta-est-mort-a-l-age-de-79-ans-20250828\" target=\"_blank\" data-fig-type=\"Article\" rel=\"noopener\" data-gtm-custom-categorie=\"navigation\" data-gtm-custom-action=\"crossclick\" data-gtm-custom-label=\"Contextuel\" data-gtm-event=\"customEventSPE\" data-fig-domain=\"TVMAG\">G\u00e9g\u00e9, candidat de la saison 11 de \u00abKoh-Lanta\u00bb, est mort \u00e0 l\u2019\u00e2ge de 79 ans<br \/>\n    <\/a>\n<\/p>\n<blockquote class=\"fig-quote&#10;    \">\n<p class=\"fig-quote__text\">\u00ab Je suis rentr\u00e9 42 heures avant la naissance de mon enfant\u00a0\u00bb<\/p>\n<p>            Jake Latimer\n    <\/p><\/blockquote>\n<p>                                    <a class=\"fig-a11y-skip a11y-hidden\" href=\"#fig-a11y-skip-main-inarticle\"><br \/>\n        Passer la publicit\u00e9<br \/>\n    <\/a><\/p>\n<p class=\"fig-paragraph\">Par mesure de pr\u00e9caution, la production a pr\u00e9f\u00e9r\u00e9 extraire Jake Latimer d\u00e9finitivement de \u00ab Survivor\u00a0\u00bb. \u00ab J\u2019\u00e9tais d\u00e9vast\u00e9 de devoir quitter le jeu. C\u2019\u00e9tait comme si mon monde s\u2019\u00e9tait \u00e9croul\u00e9. J\u2019avais travaill\u00e9 si dur pour ce moment et un foutu serpent m\u2019a \u00e9limin\u00e9\u00a0\u00bb, a-t-il confi\u00e9 \u00e0 TVLine. S\u2019il n\u2019a pas ressenti de douleurs importantes apr\u00e8s avoir \u00e9t\u00e9 mordu, l\u2019\u00e9tat d\u2019alerte des m\u00e9decins l\u2019a inqui\u00e9t\u00e9.<\/p>\n<p class=\"fig-paragraph\">\u00ab Quand on m\u2019a dit que ce serpent \u00e9tait venimeux, je me suis demand\u00e9 si j\u2019allais arriver \u00e0 temps aux urgences. Dans ma t\u00eate, j\u2019\u00e9tais en train de mourir et j\u2019ai commenc\u00e9 \u00e0 dire au revoir aux gens\u00a0\u00bb, raconte-t-il. \u00c0 plusieurs reprises, dans un \u00e9tat de panique, il a r\u00e9p\u00e9t\u00e9 qu\u2019il allait \u00eatre papa. \u00c9vacu\u00e9 vers\u00a0<a href=\"http:\/\/www.lefigaro.fr\/conjoncture\/en-afrique-australe-une-entreprise-francaise-innovante-electrifie-des-foyers-namibiens-avec-de-l-hydrogene-vert-20251010\" target=\"_blank\" data-fig-type=\"Article\" rel=\"noopener\" data-gtm-custom-categorie=\"navigation\" data-gtm-custom-action=\"crossclick\" data-gtm-custom-label=\"Contextuel\" data-gtm-event=\"customEventSPE\" data-fig-domain=\"LEFIGARO\">Brisbane en Australie<\/a>, il est ensuite rentr\u00e9 chez lui au Canada. \u00ab Je suis rentr\u00e9 42 heures avant la naissance de mon enfant, se souvient Jake Latimer. Le simple fait d\u2019\u00eatre \u00e0 la maison pour la naissance de Jackson et d\u2019\u00eatre l\u00e0 pour ma femme vaut un million de dollars \u00e0 lui seul.\u00a0\u00bb<\/p>\n","protected":false},"excerpt":{"rendered":"Jake Latimer \u00e9vacu\u00e9 en urgence dans la saison 49 de \u00ab Survivor\u00a0\u00bb Capture \u00e9cran E! News \u00c9vacu\u00e9 en&hellip;\n","protected":false},"author":2,"featured_media":464879,"comment_status":"","ping_status":"","sticky":false,"template":"","format":"standard","meta":{"footnotes":""},"categories":[1356],"tags":[7411,58,59,1011,27,680,252,1364],"class_list":{"0":"post-464878","1":"post","2":"type-post","3":"status-publish","4":"format-standard","5":"has-post-thumbnail","7":"category-television","8":"tag-cbs","9":"tag-divertissement","10":"tag-entertainment","11":"tag-fr","12":"tag-france","13":"tag-koh-lanta","14":"tag-television","15":"tag-tv"},"share_on_mastodon":{"url":"https:\/\/pubeurope.com\/@fr\/115378174322735156","error":""},"_links":{"self":[{"href":"https:\/\/www.europesays.com\/fr\/wp-json\/wp\/v2\/posts\/464878","targetHints":{"allow":["GET"]}}],"collection":[{"href":"https:\/\/www.europesays.com\/fr\/wp-json\/wp\/v2\/posts"}],"about":[{"href":"https:\/\/www.europesays.com\/fr\/wp-json\/wp\/v2\/types\/post"}],"author":[{"embeddable":true,"href":"https:\/\/www.europesays.com\/fr\/wp-json\/wp\/v2\/users\/2"}],"replies":[{"embeddable":true,"href":"https:\/\/www.europesays.com\/fr\/wp-json\/wp\/v2\/comments?post=464878"}],"version-history":[{"count":0,"href":"https:\/\/www.europesays.com\/fr\/wp-json\/wp\/v2\/posts\/464878\/revisions"}],"wp:featuredmedia":[{"embeddable":true,"href":"https:\/\/www.europesays.com\/fr\/wp-json\/wp\/v2\/media\/464879"}],"wp:attachment":[{"href":"https:\/\/www.europesays.com\/fr\/wp-json\/wp\/v2\/media?parent=464878"}],"wp:term":[{"taxonomy":"category","embeddable":true,"href":"https:\/\/www.europesays.com\/fr\/wp-json\/wp\/v2\/categories?post=464878"},{"taxonomy":"post_tag","embeddable":true,"href":"https:\/\/www.europesays.com\/fr\/wp-json\/wp\/v2\/tags?post=464878"}],"curies":[{"name":"wp","href":"https:\/\/api.w.org\/{rel}","templated":true}]}}