{"id":464893,"date":"2025-10-15T12:33:11","date_gmt":"2025-10-15T12:33:11","guid":{"rendered":"https:\/\/www.europesays.com\/fr\/464893\/"},"modified":"2025-10-15T12:33:11","modified_gmt":"2025-10-15T12:33:11","slug":"isolement-evasion-ratee-tortures-tres-severes-les-otages-liberes-livrent-leurs-premiers-temoignages","status":"publish","type":"post","link":"https:\/\/www.europesays.com\/fr\/464893\/","title":{"rendered":"Isolement, \u00e9vasion rat\u00e9e, \u00abtortures tr\u00e8s s\u00e9v\u00e8res\u00bb&#8230; Les otages lib\u00e9r\u00e9s livrent leurs premiers t\u00e9moignages"},"content":{"rendered":"<p>\n    Deux jours apr\u00e8s leur lib\u00e9ration, les 20 derniers otages du Hamas ont commenc\u00e9 \u00e0 raconter \u00e0 leurs proches leurs deux ann\u00e9es de captivit\u00e9.<\/p>\n<p class=\"fig-paragraph\">Apr\u00e8s la joie et le soulagement de\u00a0<a href=\"http:\/\/www.lefigaro.fr\/international\/desorientes-souriants-soulages-les-premieres-images-des-otages-israeliens-du-hamas-liberes-ce-lundi-20251013\" target=\"_blank\" data-fig-type=\"Article\" rel=\"noopener nofollow\" data-gtm-custom-categorie=\"navigation\" data-gtm-custom-action=\"crossclick\" data-gtm-custom-label=\"Contextuel\" data-gtm-event=\"customEventSPE\" data-fig-domain=\"LEFIGARO\">la lib\u00e9ration des 20 derniers otages vivants de la bande de Gaza<\/a>, vient le temps de la r\u00e9paration des corps et des \u00e2mes. Lundi, ceux qui ont pass\u00e9 738 jours en captivit\u00e9 ont \u00e9t\u00e9 accueillis \u00e0 la base militaire de Re\u2019im par leurs familles, mais aussi par des m\u00e9decins et des psychologues. Ils ont tous \u00e9t\u00e9 accompagn\u00e9s, pour certains en fauteuils roulants, vers trois h\u00f4pitaux isra\u00e9liens\u00a0: Sheba \u00e0 Tel HaShomer, Sourasky (Ichilov) \u00e0 Tel-Aviv et Rabin (Beilinson) \u00e0 Petah Tikva. L\u00e0-bas, pass\u00e9 le bonheur des retrouvailles, les langues se sont rapidement d\u00e9li\u00e9es, pour raconter ces deux derni\u00e8res ann\u00e9es en enfer.<\/p>\n<p class=\"fig-paragraph\">C\u2019est le cas d\u2019Avinatan Or, kidnapp\u00e9 au festival Nova avec sa petite amie Noa Argamani. Les images de leur capture, dont celle de la jeune femme emmen\u00e9e de force vers Gaza sur une moto, avaient fait le tour du monde. Si cette derni\u00e8re\u00a0<a href=\"http:\/\/www.lefigaro.fr\/international\/guerre-israel-hamas-la-mere-de-l-otage-noa-argamani-est-decedee-20240702\" target=\"_blank\" data-fig-type=\"NewsFlash\" rel=\"noopener nofollow\" data-gtm-custom-categorie=\"navigation\" data-gtm-custom-action=\"crossclick\" data-gtm-custom-label=\"Contextuel\" data-gtm-event=\"customEventSPE\" data-fig-domain=\"LEFIGARO\">a \u00e9t\u00e9 lib\u00e9r\u00e9e au cours d\u2019une op\u00e9ration militaire isra\u00e9lienne le 8 juin 2024<\/a>, son compagnon a d\u00fb patienter. S\u00e9par\u00e9 d\u00e8s\u2026<\/p>\n<p class=\"fig-premium-paywall__infos\">\n        Cet article est r\u00e9serv\u00e9 aux abonn\u00e9s.        Il vous reste 81% \u00e0 d\u00e9couvrir.\n    <\/p>\n<p>                <img  data- alt=\"Le Figaro\" class=\"fig-img--complete fig-img\"\/><\/p>\n<p class=\"fig-premium-paywall__title\">Vous avez envie de lire la suite ?<\/p>\n<p class=\"fig-premium-paywall__subtitle\">D\u00e9bloquez tous les articles imm\u00e9diatement.<\/p>\n<p class=\"fig-premium-paywall__connect\">\n                D\u00e9j\u00e0 abonn\u00e9\u00a0?                <a class=\"fig-premium-paywall__connect-link\" href=\"https:\/\/connect.lefigaro.fr\/login?client=horizon_web&amp;type=main&amp;redirect_uri=https%3A%2F%2Fwww.lefigaro.fr%2Finternational%2Fisolement-evasion-ratee-tortures-tres-severes-les-otages-liberes-livrent-leurs-premiers-temoignages-20251015\" data-js-gtm=\"{&quot;customCategorie&quot;: &quot;conversion&quot;, &quot;customAction&quot;: &quot;before_Landing_Connexion_paywall_auto&quot;, &quot;customLabel&quot;: &quot;bGVmaWdhcm8uZnJfXzFmMGE5OGFhLWVkOTktNjhjYy04YThkLWEzNWNmNTJiMWM0NV9fQXJ0aWNsZQ==_Isolement, \u00e9vasion rat\u00e9e, \u00abtortures tr\u00e8s s\u00e9v\u00e8res\u00bb... Les otages lib\u00e9r\u00e9s livrent leurs premiers t\u00e9moignages_352&quot;, &quot;customIDSPE&quot;: &quot;bGVmaWdhcm8uZnJfXzFmMGE5OGFhLWVkOTktNjhjYy04YThkLWEzNWNmNTJiMWM0NV9fQXJ0aWNsZQ==&quot;, &quot;event&quot;: &quot;customEventSPE&quot;}\" rel=\"nofollow noopener\" target=\"_blank\"><br \/>\n                    Connectez-vous<br \/>\n                <\/a>\n            <\/p>\n","protected":false},"excerpt":{"rendered":"Deux jours apr\u00e8s leur lib\u00e9ration, les 20 derniers otages du Hamas ont commenc\u00e9 \u00e0 raconter \u00e0 leurs proches&hellip;\n","protected":false},"author":2,"featured_media":464894,"comment_status":"","ping_status":"","sticky":false,"template":"","format":"standard","meta":{"footnotes":""},"categories":[5],"tags":[11,4628,1011,27,3519,14,12,19141,28],"class_list":{"0":"post-464893","1":"post","2":"type-post","3":"status-publish","4":"format-standard","5":"has-post-thumbnail","7":"category-international","8":"tag-actualites","9":"tag-bande-de-gaza","10":"tag-fr","11":"tag-france","12":"tag-hamas","13":"tag-international","14":"tag-news","15":"tag-otages","16":"tag-world"},"share_on_mastodon":{"url":"https:\/\/pubeurope.com\/@fr\/115378205731346936","error":""},"_links":{"self":[{"href":"https:\/\/www.europesays.com\/fr\/wp-json\/wp\/v2\/posts\/464893","targetHints":{"allow":["GET"]}}],"collection":[{"href":"https:\/\/www.europesays.com\/fr\/wp-json\/wp\/v2\/posts"}],"about":[{"href":"https:\/\/www.europesays.com\/fr\/wp-json\/wp\/v2\/types\/post"}],"author":[{"embeddable":true,"href":"https:\/\/www.europesays.com\/fr\/wp-json\/wp\/v2\/users\/2"}],"replies":[{"embeddable":true,"href":"https:\/\/www.europesays.com\/fr\/wp-json\/wp\/v2\/comments?post=464893"}],"version-history":[{"count":0,"href":"https:\/\/www.europesays.com\/fr\/wp-json\/wp\/v2\/posts\/464893\/revisions"}],"wp:featuredmedia":[{"embeddable":true,"href":"https:\/\/www.europesays.com\/fr\/wp-json\/wp\/v2\/media\/464894"}],"wp:attachment":[{"href":"https:\/\/www.europesays.com\/fr\/wp-json\/wp\/v2\/media?parent=464893"}],"wp:term":[{"taxonomy":"category","embeddable":true,"href":"https:\/\/www.europesays.com\/fr\/wp-json\/wp\/v2\/categories?post=464893"},{"taxonomy":"post_tag","embeddable":true,"href":"https:\/\/www.europesays.com\/fr\/wp-json\/wp\/v2\/tags?post=464893"}],"curies":[{"name":"wp","href":"https:\/\/api.w.org\/{rel}","templated":true}]}}